{"id":88802,"date":"2023-03-10T20:33:20","date_gmt":"2023-03-10T20:33:20","guid":{"rendered":"http:\/\/10.200.87.50\/mppee\/?p=88802"},"modified":"2023-03-10T20:34:09","modified_gmt":"2023-03-10T20:34:09","slug":"ninos-y-ninas-del-sector-electrico-participan-en-encuentro-educativo-por-el-mes-de-la-eficiencia-energetica","status":"publish","type":"post","link":"https:\/\/mppee.gob.ve\/?p=88802","title":{"rendered":"Ni\u00f1os y ni\u00f1as del sector el\u00e9ctrico participan en encuentro educativo por el Mes de la Eficiencia Energ\u00e9tica"},"content":{"rendered":"\n<p>Prensa MPPEE &#8211; (Caracas\n10\/03\/2023).- Con el objetivo de promover en la <strong>poblaci\u00f3n estudiantil<\/strong> una&nbsp;\ncultura sobre el <strong>uso responsable\ny eficiente de la energ\u00eda<\/strong>, &nbsp;un total\nde 130 <strong>ni\u00f1os y ni\u00f1as<\/strong> del <strong>Centros de Educaci\u00f3n Inicial \u201cGuardianes\nEl\u00e9ctricos\u201d<\/strong> (San Bernardino) y el <strong>Centro\nEducaci\u00f3n Nacional de El Marqu\u00e9s<\/strong>, participaron en diferentes <strong>actividades recreativas<\/strong> con motivo de la\ncelebraci\u00f3n por el &nbsp;<strong>Mes de la Eficiencia Energ\u00e9tica.<\/strong><\/p>\n\n\n\n<p>En ese contexto, los m\u00e1s peque\u00f1os\nde casa recibieron diferentes charlas sobre la <strong>eficiencia energ\u00e9tica<\/strong>, interpretaron poemas, adivinanzas y\nelaboraron diferentes &nbsp;dibujos alusivos con\nla conmemoraci\u00f3n de este d\u00eda. <\/p>\n\n\n\n<p>La <strong>viceministra para las Nuevas Fuentes y Uso Racional de la Energ\u00eda El\u00e9ctrica,\nTania Masea,<\/strong> recalc\u00f3 la importancia de formar a los ni\u00f1os sobre este\nimportante tema, vital para preservar la vida del planeta.<\/p>\n\n\n\n<p>\u201cEstamos promoviendo y\nfortaleciendo los conceptos del <strong>uso de\nla energ\u00eda<\/strong>, con los fiscales que tenemos en casa, que nos aconsejan y nos\ndan a todos los adultos el ejemplo, de apagar la luz cuando no la est\u00e9s usando\u201d,\nprecis\u00f3.<\/p>\n\n\n\n<p><strong>Masea<\/strong> record\u00f3 que estos peque\u00f1os son la generaci\u00f3n de relevo, que\nse est\u00e1n formando en un cambio de conducta para hacer un <strong>uso responsable de la energ\u00eda el\u00e9ctrica<\/strong> en el pa\u00eds.<\/p>\n\n\n\n<p>Por su parte, Betzay Bustillos,\ndirectora de los <strong>Guardianes El\u00e9ctricos<\/strong>\nasever\u00f3 &nbsp;igualmente que los ni\u00f1os se\nestar\u00e1n instruyendo durante todo este mes, sobre lo importante que es para el\nplaneta el disminuir el uso irresponsable de la electricidad en los hogares y\nsitios donde estemos.<\/p>\n\n\n\n<p>\u201cEstas actividades se realizan\ncon la finalidad de que ellos sean multiplicadores de toda esta informaci\u00f3n en\nsus casas, para tener un planeta que no se vea afectado por estos cambios\nclim\u00e1ticos\u201d, finaliz\u00f3.<\/p>\n\n\n\n<p>MPPEE \/ Gladys Revete<\/p>\n","protected":false},"excerpt":{"rendered":"<p>Prensa MPPEE &#8211; (Caracas 10\/03\/2023).- Con el objetivo de promover en la poblaci\u00f3n estudiantil una&nbsp; cultura sobre el uso responsable<\/p>\n","protected":false},"author":22,"featured_media":88803,"comment_status":"open","ping_status":"open","sticky":false,"template":"","format":"standard","meta":{"footnotes":""},"categories":[1,8],"tags":[],"class_list":["post-88802","post","type-post","status-publish","format-standard","has-post-thumbnail","hentry","category-mppee","category-uso-eficiente-de-la-energia"],"_links":{"self":[{"href":"https:\/\/mppee.gob.ve\/index.php?rest_route=\/wp\/v2\/posts\/88802","targetHints":{"allow":["GET"]}}],"collection":[{"href":"https:\/\/mppee.gob.ve\/index.php?rest_route=\/wp\/v2\/posts"}],"about":[{"href":"https:\/\/mppee.gob.ve\/index.php?rest_route=\/wp\/v2\/types\/post"}],"author":[{"embeddable":true,"href":"https:\/\/mppee.gob.ve\/index.php?rest_route=\/wp\/v2\/users\/22"}],"replies":[{"embeddable":true,"href":"https:\/\/mppee.gob.ve\/index.php?rest_route=%2Fwp%2Fv2%2Fcomments&post=88802"}],"version-history":[{"count":1,"href":"https:\/\/mppee.gob.ve\/index.php?rest_route=\/wp\/v2\/posts\/88802\/revisions"}],"predecessor-version":[{"id":88804,"href":"https:\/\/mppee.gob.ve\/index.php?rest_route=\/wp\/v2\/posts\/88802\/revisions\/88804"}],"wp:featuredmedia":[{"embeddable":true,"href":"https:\/\/mppee.gob.ve\/index.php?rest_route=\/wp\/v2\/media\/88803"}],"wp:attachment":[{"href":"https:\/\/mppee.gob.ve\/index.php?rest_route=%2Fwp%2Fv2%2Fmedia&parent=88802"}],"wp:term":[{"taxonomy":"category","embeddable":true,"href":"https:\/\/mppee.gob.ve\/index.php?rest_route=%2Fwp%2Fv2%2Fcategories&post=88802"},{"taxonomy":"post_tag","embeddable":true,"href":"https:\/\/mppee.gob.ve\/index.php?rest_route=%2Fwp%2Fv2%2Ftags&post=88802"}],"curies":[{"name":"wp","href":"https:\/\/api.w.org\/{rel}","templated":true}]}}