{"id":88810,"date":"2023-03-14T21:49:17","date_gmt":"2023-03-14T21:49:17","guid":{"rendered":"http:\/\/10.200.87.50\/mppee\/?p=88810"},"modified":"2023-03-14T21:51:22","modified_gmt":"2023-03-14T21:51:22","slug":"vicepresidencia-sectorial-de-obras-publicas-y-servicios-rindio-homenaje-al-comandante-chavez-en-el-cuartel-de-la-montana","status":"publish","type":"post","link":"https:\/\/mppee.gob.ve\/?p=88810","title":{"rendered":"Vicepresidencia Sectorial de Obras P\u00fablicas y Servicios rindi\u00f3 homenaje al Comandante Ch\u00e1vez en el Cuartel de La Monta\u00f1a"},"content":{"rendered":"\n<p>Prensa VPSOPS \u2013 (Caracas 14\/03\/2023).- El <strong>vicepresidente Sectorial de Obras P\u00fablicas y Servicios, G\/J N\u00e9stor Reverol<\/strong>, en compa\u00f1\u00eda de los <strong>Ministros y presidentes de entes<\/strong> que integran\u00a0 esta <strong>Vicepresidencia Sectorial<\/strong> honraron este martes al <strong>Comandante Eterno\u00a0 de la Revoluci\u00f3n Bolivariana, Hugo Ch\u00e1vez<\/strong>, con una ofrenda floral en el <strong>Cuartel de la Monta\u00f1a 4-F<\/strong> en Caracas.<\/p>\n\n\n\n<p>\u00abA 10 a\u00f1os de la siembra de\nnuestro <strong>Comandante Supremo Hugo Ch\u00e1vez<\/strong>,\nhemos rendido un homenaje ante su \u00faltima morada, en <strong>La Flor de los Cuatro Elementos<\/strong>, colocando una ofrenda floral y\nexaltando su legado y el amor por su pueblo\u201d, expres\u00f3 el General en Jefe.<\/p>\n\n\n\n<p>&nbsp;En ese contexto, el tambi\u00e9n <strong>Ministro para la Energ\u00eda El\u00e9ctrica<\/strong>\nrecord\u00f3 las ense\u00f1anzas que dej\u00f3 el Comandante Supremo en el pueblo y que nos\nhizo crecer como naci\u00f3n en la defensa de los ideales bolivarianos.<\/p>\n\n\n\n<p>\u201cVamos por el camino correcto\nsiguiendo su ejemplo y consolidando la <strong>Patria\nGrande<\/strong>\u201d, afirm\u00f3.<\/p>\n\n\n\n<p>Es importante resaltar que el <strong>Comandante Hugo Ch\u00e1vez<\/strong> dedic\u00f3 toda su\nvida para enaltecer el ideal de El Libertador Sim\u00f3n Bol\u00edvar, mediante la\ndefensa de los derechos sociales del pueblo venezolano. Adem\u00e1s,&nbsp; de resguardar nuestra independencia e\nimpulsar el <strong>Socialismo Bolivariano.<\/strong><\/p>\n\n\n\n<p>Prensa VPSOPS<\/p>\n\n\n\n<figure class=\"wp-block-embed-twitter wp-block-embed is-type-rich is-provider-twitter\"><div class=\"wp-block-embed__wrapper\">\n<div class=\"fitvids-video\"><blockquote class=\"twitter-tweet\" data-width=\"550\" data-dnt=\"true\"><p lang=\"es\" dir=\"ltr\">A 10 a\u00f1os de la siembra de nuestro Cmdte. Supremo Hugo Ch\u00e1vez, hemos rendido homenaje ante su \u00faltima morada, La Flor de los Cuatro Elementos, en el Cuartel de la Monta\u00f1a 4F, colocando una ofrenda floral y exaltando su legado y el amor por su pueblo. <br><br>\u00a1Ch\u00e1vez vive la lucha sigue! <a href=\"https:\/\/t.co\/YspxQk58X7\">pic.twitter.com\/YspxQk58X7<\/a><\/p>&mdash; N\u00e9stor Reverol (@NestorLReverol) <a href=\"https:\/\/twitter.com\/NestorLReverol\/status\/1635743707302379520?ref_src=twsrc%5Etfw\">March 14, 2023<\/a><\/blockquote><script async src=\"https:\/\/platform.twitter.com\/widgets.js\" charset=\"utf-8\"><\/script><\/div>\n<\/div><\/figure>\n","protected":false},"excerpt":{"rendered":"<p>Prensa VPSOPS \u2013 (Caracas 14\/03\/2023).- El vicepresidente Sectorial de Obras P\u00fablicas y Servicios, G\/J N\u00e9stor Reverol, en compa\u00f1\u00eda de los<\/p>\n","protected":false},"author":22,"featured_media":88811,"comment_status":"open","ping_status":"open","sticky":false,"template":"","format":"standard","meta":{"footnotes":""},"categories":[15],"tags":[],"class_list":["post-88810","post","type-post","status-publish","format-standard","has-post-thumbnail","hentry","category-nacionales"],"_links":{"self":[{"href":"https:\/\/mppee.gob.ve\/index.php?rest_route=\/wp\/v2\/posts\/88810","targetHints":{"allow":["GET"]}}],"collection":[{"href":"https:\/\/mppee.gob.ve\/index.php?rest_route=\/wp\/v2\/posts"}],"about":[{"href":"https:\/\/mppee.gob.ve\/index.php?rest_route=\/wp\/v2\/types\/post"}],"author":[{"embeddable":true,"href":"https:\/\/mppee.gob.ve\/index.php?rest_route=\/wp\/v2\/users\/22"}],"replies":[{"embeddable":true,"href":"https:\/\/mppee.gob.ve\/index.php?rest_route=%2Fwp%2Fv2%2Fcomments&post=88810"}],"version-history":[{"count":2,"href":"https:\/\/mppee.gob.ve\/index.php?rest_route=\/wp\/v2\/posts\/88810\/revisions"}],"predecessor-version":[{"id":88813,"href":"https:\/\/mppee.gob.ve\/index.php?rest_route=\/wp\/v2\/posts\/88810\/revisions\/88813"}],"wp:featuredmedia":[{"embeddable":true,"href":"https:\/\/mppee.gob.ve\/index.php?rest_route=\/wp\/v2\/media\/88811"}],"wp:attachment":[{"href":"https:\/\/mppee.gob.ve\/index.php?rest_route=%2Fwp%2Fv2%2Fmedia&parent=88810"}],"wp:term":[{"taxonomy":"category","embeddable":true,"href":"https:\/\/mppee.gob.ve\/index.php?rest_route=%2Fwp%2Fv2%2Fcategories&post=88810"},{"taxonomy":"post_tag","embeddable":true,"href":"https:\/\/mppee.gob.ve\/index.php?rest_route=%2Fwp%2Fv2%2Ftags&post=88810"}],"curies":[{"name":"wp","href":"https:\/\/api.w.org\/{rel}","templated":true}]}}