{"id":88820,"date":"2023-03-16T22:25:12","date_gmt":"2023-03-16T22:25:12","guid":{"rendered":"http:\/\/10.200.87.50\/mppee\/?p=88820"},"modified":"2023-03-16T22:26:02","modified_gmt":"2023-03-16T22:26:02","slug":"realizan-tercera-jornada-de-atencion-integral-medica-para-trabajadoras-del-sector-electrico","status":"publish","type":"post","link":"https:\/\/mppee.gob.ve\/?p=88820","title":{"rendered":"Realizan tercera Jornada de Atenci\u00f3n Integral M\u00e9dica para trabajadoras del sector el\u00e9ctrico"},"content":{"rendered":"\n<p>Prensa MPPEE \u2013 (Caracas\n16\/03\/2023).- Este jueves, se llev\u00f3 a cabo la tercera <strong>Jornada de Atenci\u00f3n Integral M\u00e9dica <\/strong>para las <strong>trabajadoras del sector el\u00e9ctrico<\/strong> del pa\u00eds, en el <strong>Centro de Servicio El Convento de la\nCorporaci\u00f3n El\u00e9ctrica Nacional (Corpoelec)<\/strong>, situada en la urbanizaci\u00f3n El\nMarqu\u00e9s del estado Miranda, actividad que form\u00f3 parte de la celebraci\u00f3n del <strong>D\u00eda Internacional de la Mujer<\/strong>.<\/p>\n\n\n\n<p>La informaci\u00f3n la dio a\nconocer&nbsp; el <strong>viceministro de Finanzas y Asuntos Administrativos del Ministerio del\nPoder Popular para la Energ\u00eda El\u00e9ctrica (Mppee), G\/B Vianney Rojas<\/strong>, quien\nindic\u00f3 que el despliegue cont\u00f3 con la colaboraci\u00f3n del <strong>Fondo Autoadministrado de Salud (Fasmee)<\/strong>, la <strong>Asociaci\u00f3n Civil de los Trabajadores (Asoelec)<\/strong> y de la<strong> Fundaci\u00f3n Servicio de Alimentaci\u00f3n para\nlos Trabajadores del Sistema El\u00e9ctrico Nacional (Funsasen).<\/strong><\/p>\n\n\n\n<p>En esta jornada social se\nvendieron combos proteicos y de hortalizas a precios accesibles. Adem\u00e1s,\ndestac\u00f3 que se hizo entrega de 32 ayudas t\u00e9cnicas, mientras que fueron\ndesplegamos&nbsp; m\u00e1s de 18 mil 900 insumos y\nmateriales para continuar con el proceso de dotaci\u00f3n&nbsp; de los <strong>62<\/strong>\n<strong>Servicios M\u00e9dicos regionales del Fasmee.<\/strong><\/p>\n\n\n\n<p>\u201cEn la sede del <strong>Centro de Servicio El Convento<\/strong> las\ntrabajadoras de la fuerza el\u00e9ctrica de la regi\u00f3n Capital tambi\u00e9n se\nbeneficiaron con consultas integrales, tales como ginecolog\u00eda y odontolog\u00eda,\nadem\u00e1s del servicio de peluquer\u00eda\u201d, precis\u00f3.<\/p>\n\n\n\n<p>Por su parte, la <strong>Gerente Nacional de Atenci\u00f3n M\u00e9dica\nPrimaria del Fasmee, Jenny Jaimes<\/strong>, resalt\u00f3 que durante esta jornada las\nmujeres del sector el\u00e9ctrico resultaron favorecidas con mamograf\u00edas, ecosonogramas\np\u00e9lvicos y tiroideos.<\/p>\n\n\n\n<p>\u201cLa fuerza trabajadora del sector\nel\u00e9ctrico expresa su agradecimiento al <strong>vicepresidente\nsectorial de Obras P\u00fablicas y Servicios G\/J N\u00e9stor Reverol<\/strong>, por tanto apoyo\nmediante estos planes sociales que benefician a las mujeres del Sistema\nEl\u00e9ctrico Nacional\u201d, afirm\u00f3.<\/p>\n\n\n\n<p>A\u00f1adi\u00f3&nbsp; que&nbsp;\neste tipo de actividades se llevar\u00e1n a cabo en todo el pa\u00eds, durante lo\nque resta del mes de marzo, para favorecer a las <strong>mujeres del SEN.<\/strong><\/p>\n\n\n\n<p><strong>&nbsp;Un nuevo rayo de luz para\nVenezuela<\/strong><\/p>\n\n\n\n<p><strong>El presidente del Fasmee, Coronel Rafael Betancourt<\/strong>, anunci\u00f3 el\nlanzamiento del Programa \u201cUn nuevo rayo de luz para Venezuela\u201d, con el que se\nbrindar\u00e1 asistencia m\u00e9dica a las trabajadoras del sector el\u00e9ctrico que se\nencuentran en estado de gestaci\u00f3n.<\/p>\n\n\n\n<p>\u201cActualmente tenemos un registro\nde 79 mujeres <strong>embarazadas<\/strong>\nidentificadas en cada uno de los estados, y el plan consiste en darle&nbsp; atenci\u00f3n m\u00e9dico quir\u00fargica a estas mujeres y\na sus hijos e hijas reci\u00e9n nacidos. A trav\u00e9s de este nuevo programa, tambi\u00e9n se\nles dar\u00e1 una canastilla a las trabajadoras del sector el\u00e9ctrico una vez que den\na luz\u201d, concluy\u00f3.<\/p>\n\n\n\n<p>Prensa MPPEE \u2013 Maikel Reyes<\/p>\n\n\n\n<figure class=\"wp-block-embed-twitter wp-block-embed is-type-rich is-provider-twitter\"><div class=\"wp-block-embed__wrapper\">\n<div class=\"fitvids-video\"><blockquote class=\"twitter-tweet\" data-width=\"550\" data-dnt=\"true\"><p lang=\"es\" dir=\"ltr\">Seguimos conmemorando el Mes de la Mujer con la 3era. Jornada M\u00e9dica Integral para todas las trabajadoras del SEN, organizado por <a href=\"https:\/\/twitter.com\/hashtag\/Asoelec?src=hash&amp;ref_src=twsrc%5Etfw\">#Asoelec<\/a>. Entregamos m\u00e1s de 500 art\u00edculos de higiene personal, multivitam\u00ednico y 18.900 insumos para la dotaci\u00f3n de nuestros centros  de <a href=\"https:\/\/twitter.com\/FasmeeVzla?ref_src=twsrc%5Etfw\">@fasmeevzla<\/a> <a href=\"https:\/\/t.co\/oR67mG5tWg\">pic.twitter.com\/oR67mG5tWg<\/a><\/p>&mdash; N\u00e9stor Reverol (@NestorLReverol) <a href=\"https:\/\/twitter.com\/NestorLReverol\/status\/1636491489629949953?ref_src=twsrc%5Etfw\">March 16, 2023<\/a><\/blockquote><script async src=\"https:\/\/platform.twitter.com\/widgets.js\" charset=\"utf-8\"><\/script><\/div>\n<\/div><\/figure>\n","protected":false},"excerpt":{"rendered":"<p>Prensa MPPEE \u2013 (Caracas 16\/03\/2023).- Este jueves, se llev\u00f3 a cabo la tercera Jornada de Atenci\u00f3n Integral M\u00e9dica para las<\/p>\n","protected":false},"author":22,"featured_media":88823,"comment_status":"open","ping_status":"open","sticky":false,"template":"","format":"standard","meta":{"footnotes":""},"categories":[1,30],"tags":[],"class_list":["post-88820","post","type-post","status-publish","format-standard","has-post-thumbnail","hentry","category-mppee","category-regionales"],"_links":{"self":[{"href":"https:\/\/mppee.gob.ve\/index.php?rest_route=\/wp\/v2\/posts\/88820","targetHints":{"allow":["GET"]}}],"collection":[{"href":"https:\/\/mppee.gob.ve\/index.php?rest_route=\/wp\/v2\/posts"}],"about":[{"href":"https:\/\/mppee.gob.ve\/index.php?rest_route=\/wp\/v2\/types\/post"}],"author":[{"embeddable":true,"href":"https:\/\/mppee.gob.ve\/index.php?rest_route=\/wp\/v2\/users\/22"}],"replies":[{"embeddable":true,"href":"https:\/\/mppee.gob.ve\/index.php?rest_route=%2Fwp%2Fv2%2Fcomments&post=88820"}],"version-history":[{"count":1,"href":"https:\/\/mppee.gob.ve\/index.php?rest_route=\/wp\/v2\/posts\/88820\/revisions"}],"predecessor-version":[{"id":88822,"href":"https:\/\/mppee.gob.ve\/index.php?rest_route=\/wp\/v2\/posts\/88820\/revisions\/88822"}],"wp:featuredmedia":[{"embeddable":true,"href":"https:\/\/mppee.gob.ve\/index.php?rest_route=\/wp\/v2\/media\/88823"}],"wp:attachment":[{"href":"https:\/\/mppee.gob.ve\/index.php?rest_route=%2Fwp%2Fv2%2Fmedia&parent=88820"}],"wp:term":[{"taxonomy":"category","embeddable":true,"href":"https:\/\/mppee.gob.ve\/index.php?rest_route=%2Fwp%2Fv2%2Fcategories&post=88820"},{"taxonomy":"post_tag","embeddable":true,"href":"https:\/\/mppee.gob.ve\/index.php?rest_route=%2Fwp%2Fv2%2Ftags&post=88820"}],"curies":[{"name":"wp","href":"https:\/\/api.w.org\/{rel}","templated":true}]}}