{"id":88827,"date":"2023-03-17T21:04:16","date_gmt":"2023-03-17T21:04:16","guid":{"rendered":"http:\/\/10.200.87.50\/mppee\/?p=88827"},"modified":"2023-03-17T23:33:02","modified_gmt":"2023-03-17T23:33:02","slug":"inspeccionan-obras-del-monumento-al-bicentenario-de-la-batalla-naval-del-lago-de-maracaibo-en-zulia","status":"publish","type":"post","link":"https:\/\/mppee.gob.ve\/?p=88827","title":{"rendered":"Inspeccionan obras del Monumento al Bicentenario de la Batalla Naval del Lago de Maracaibo en Zulia"},"content":{"rendered":"\n<p>Prensa\u00a0 VSOPS &#8211; (Zulia 17\/03\/2023).- El <strong>vicepresidente Sectorial de Obras P\u00fablicas y Servicios, G\/J N\u00e9stor Reverol<\/strong>, en compa\u00f1\u00eda del <strong>ministro del Poder Popular para Obras P\u00fablicas, G\/D Ra\u00fal Paredes<\/strong> realiz\u00f3 este viernes una <strong>inspecci\u00f3n<\/strong> a las obras que se llevan a cabo en las adyacencias del <strong>Paseo del Lago de Maracaibo<\/strong>.<\/p>\n\n\n\n<p>Reverol destac\u00f3 que en este importante espacio de\nconvivencia se construir\u00e1 el <strong>Monumento\nal Bicentenario de la Batalla Naval del Lago de Maracaibo<\/strong>, a fin de\nenaltecer la gesta de los patriotas que lucharon por la <strong>Independencia de Venezuela.<\/strong> <\/p>\n\n\n\n<p>Detall\u00f3 igualmente que estas obras consisten en una\nplazoleta, parque interactivo, un obelisco, y espejo de agua con las velas de\nlos bergantines de ambos bandos realistas y patriotas, \u201ctodo insertado en el\npaisajismo para que la generaci\u00f3n de relevo conozca la <strong>historia de nuestra Patria<\/strong>\u201d, precis\u00f3.<\/p>\n\n\n\n<p>El <strong>General en Jefe <\/strong>recalc\u00f3\nadem\u00e1s que esta caminer\u00eda conecta con el Lago de <strong>Maracaibo<\/strong> desde donde se puede apreciar el puente General en Jefe,\nRafael Urdaneta, una obra de desarrollo integral que potencia el bienestar\nsocial de los marabinos.<\/p>\n\n\n\n<p>\u201cEnaltecemos a los h\u00e9roes y hero\u00ednas que participaron en la\ngesta patri\u00f3tica por la <strong>libertad de\nVenezuela<\/strong>\u201d, concluy\u00f3.<\/p>\n\n\n\n<p>Prensa&nbsp; VSOPS \/ Jeimy\nAvenda\u00f1o<\/p>\n","protected":false},"excerpt":{"rendered":"<p>Prensa\u00a0 VSOPS &#8211; (Zulia 17\/03\/2023).- El vicepresidente Sectorial de Obras P\u00fablicas y Servicios, G\/J N\u00e9stor Reverol, en compa\u00f1\u00eda del ministro<\/p>\n","protected":false},"author":22,"featured_media":88828,"comment_status":"open","ping_status":"open","sticky":false,"template":"","format":"standard","meta":{"footnotes":""},"categories":[30],"tags":[],"class_list":["post-88827","post","type-post","status-publish","format-standard","has-post-thumbnail","hentry","category-regionales"],"_links":{"self":[{"href":"https:\/\/mppee.gob.ve\/index.php?rest_route=\/wp\/v2\/posts\/88827","targetHints":{"allow":["GET"]}}],"collection":[{"href":"https:\/\/mppee.gob.ve\/index.php?rest_route=\/wp\/v2\/posts"}],"about":[{"href":"https:\/\/mppee.gob.ve\/index.php?rest_route=\/wp\/v2\/types\/post"}],"author":[{"embeddable":true,"href":"https:\/\/mppee.gob.ve\/index.php?rest_route=\/wp\/v2\/users\/22"}],"replies":[{"embeddable":true,"href":"https:\/\/mppee.gob.ve\/index.php?rest_route=%2Fwp%2Fv2%2Fcomments&post=88827"}],"version-history":[{"count":2,"href":"https:\/\/mppee.gob.ve\/index.php?rest_route=\/wp\/v2\/posts\/88827\/revisions"}],"predecessor-version":[{"id":88838,"href":"https:\/\/mppee.gob.ve\/index.php?rest_route=\/wp\/v2\/posts\/88827\/revisions\/88838"}],"wp:featuredmedia":[{"embeddable":true,"href":"https:\/\/mppee.gob.ve\/index.php?rest_route=\/wp\/v2\/media\/88828"}],"wp:attachment":[{"href":"https:\/\/mppee.gob.ve\/index.php?rest_route=%2Fwp%2Fv2%2Fmedia&parent=88827"}],"wp:term":[{"taxonomy":"category","embeddable":true,"href":"https:\/\/mppee.gob.ve\/index.php?rest_route=%2Fwp%2Fv2%2Fcategories&post=88827"},{"taxonomy":"post_tag","embeddable":true,"href":"https:\/\/mppee.gob.ve\/index.php?rest_route=%2Fwp%2Fv2%2Ftags&post=88827"}],"curies":[{"name":"wp","href":"https:\/\/api.w.org\/{rel}","templated":true}]}}