{"id":88830,"date":"2023-03-17T21:35:11","date_gmt":"2023-03-17T21:35:11","guid":{"rendered":"http:\/\/10.200.87.50\/mppee\/?p=88830"},"modified":"2023-03-17T23:32:26","modified_gmt":"2023-03-17T23:32:26","slug":"entregan-unidad-movil-de-despacho-de-gas-domestico-en-el-zulia","status":"publish","type":"post","link":"https:\/\/mppee.gob.ve\/?p=88830","title":{"rendered":"Entregan unidad m\u00f3vil de despacho de gas dom\u00e9stico en el Zulia"},"content":{"rendered":"\n<p>Prensa VSOPS- (Zulia 17\/03\/2023).- El <strong>vicepresidente Sectorial de Obras P\u00fablicas y Servicios, G\/J N\u00e9stor Reverol,<\/strong> entreg\u00f3 este viernes una <strong>unidad m\u00f3vil<\/strong> <strong>de despacho de gas dom\u00e9stico<\/strong> en el estado <strong>Zulia<\/strong>, con la capacidad para el llenado de <strong>2 mil bombonas diarias<\/strong>.<\/p>\n\n\n\n<p>\u201cEsta unidad se la estamos\nentregando hoy a <strong>Gas Comunal del estado\nZulia<\/strong> (\u2026) para que los habitantes de las comunidades se acerquen con sus\nrecipientes y hagan m\u00e1s f\u00e1cil el llenado de las bombonas\u201d, expres\u00f3 Reverol\ndesde la <strong>Corporaci\u00f3n El\u00e9ctrica Nacional<\/strong>\nen la capital zuliana. <\/p>\n\n\n\n<p>Destac\u00f3 que con este equipo\nbajar\u00e1n el ciclo de llenado entre 15 y 21 d\u00edas. Al respecto record\u00f3, que la <strong>entidad zuliana<\/strong> cuenta con casi un <strong>80% de gas directo. <\/strong><\/p>\n\n\n\n<p>\u201cEstamos seguros que con esta\nunidad tendremos un impacto positivo para bajar y seguir cumpliendo con los\nservicios p\u00fablicos, como instruy\u00f3 el <strong>Presidente\nNicol\u00e1s Maduro<\/strong> para nuestro amado pueblo del Zulia\u201d, enfatiz\u00f3.<\/p>\n\n\n\n<p>El tambi\u00e9n ministro para la <strong>Energ\u00eda El\u00e9ctrica<\/strong> estuvo acompa\u00f1ado de\nla <strong>presidenta de Pdvsa Gas Comunal,\nCaryl Bertho<\/strong>, quien confirm\u00f3 que \u201ceste es un compromiso asumido por el <strong>Ministro Reverol<\/strong> en el Encuentro de\nTrabajo del a\u00f1o pasado, para ser ejecutado en el primer trimestre del 2023\u201d,\nasegur\u00f3. <\/p>\n\n\n\n<p>Durante la actividad fueron\nllenadas <strong>1.500 bombonas<\/strong> para una\ncomunidad cercana a la sede de Corpoelec en la avenida Fuerzas Armadas de la\nciudad de Maracaibo.<\/p>\n\n\n\n<p>Prensa VSOPS<\/p>\n","protected":false},"excerpt":{"rendered":"<p>Prensa VSOPS- (Zulia 17\/03\/2023).- El vicepresidente Sectorial de Obras P\u00fablicas y Servicios, G\/J N\u00e9stor Reverol, entreg\u00f3 este viernes una unidad<\/p>\n","protected":false},"author":22,"featured_media":88831,"comment_status":"open","ping_status":"open","sticky":false,"template":"","format":"standard","meta":{"footnotes":""},"categories":[30],"tags":[],"class_list":["post-88830","post","type-post","status-publish","format-standard","has-post-thumbnail","hentry","category-regionales"],"_links":{"self":[{"href":"https:\/\/mppee.gob.ve\/index.php?rest_route=\/wp\/v2\/posts\/88830","targetHints":{"allow":["GET"]}}],"collection":[{"href":"https:\/\/mppee.gob.ve\/index.php?rest_route=\/wp\/v2\/posts"}],"about":[{"href":"https:\/\/mppee.gob.ve\/index.php?rest_route=\/wp\/v2\/types\/post"}],"author":[{"embeddable":true,"href":"https:\/\/mppee.gob.ve\/index.php?rest_route=\/wp\/v2\/users\/22"}],"replies":[{"embeddable":true,"href":"https:\/\/mppee.gob.ve\/index.php?rest_route=%2Fwp%2Fv2%2Fcomments&post=88830"}],"version-history":[{"count":3,"href":"https:\/\/mppee.gob.ve\/index.php?rest_route=\/wp\/v2\/posts\/88830\/revisions"}],"predecessor-version":[{"id":88837,"href":"https:\/\/mppee.gob.ve\/index.php?rest_route=\/wp\/v2\/posts\/88830\/revisions\/88837"}],"wp:featuredmedia":[{"embeddable":true,"href":"https:\/\/mppee.gob.ve\/index.php?rest_route=\/wp\/v2\/media\/88831"}],"wp:attachment":[{"href":"https:\/\/mppee.gob.ve\/index.php?rest_route=%2Fwp%2Fv2%2Fmedia&parent=88830"}],"wp:term":[{"taxonomy":"category","embeddable":true,"href":"https:\/\/mppee.gob.ve\/index.php?rest_route=%2Fwp%2Fv2%2Fcategories&post=88830"},{"taxonomy":"post_tag","embeddable":true,"href":"https:\/\/mppee.gob.ve\/index.php?rest_route=%2Fwp%2Fv2%2Ftags&post=88830"}],"curies":[{"name":"wp","href":"https:\/\/api.w.org\/{rel}","templated":true}]}}