{"id":88839,"date":"2023-03-18T00:35:20","date_gmt":"2023-03-18T00:35:20","guid":{"rendered":"http:\/\/10.200.87.50\/mppee\/?p=88839"},"modified":"2023-03-18T00:35:21","modified_gmt":"2023-03-18T00:35:21","slug":"inspeccionan-puente-g-j-rafael-urdaneta-sobre-el-lago-de-maracaibo-en-zulia","status":"publish","type":"post","link":"https:\/\/mppee.gob.ve\/?p=88839","title":{"rendered":"Inspeccionan Puente G\/J Rafael Urdaneta sobre el Lago de Maracaibo en Zulia"},"content":{"rendered":"\n<p>Prensa VPSOPS &#8211; (Zulia 17\/03\/2023).- El <strong>vicepresidente Sectorial de Obras P\u00fablicas y Servicios, G\/J N\u00e9stor\nReverol<\/strong>, inspeccion\u00f3 este viernes el <strong>puente\nG\/J Rafael Urdaneta<\/strong> sobre el <strong>Lago de\nMaracaibo <\/strong>como parte de una agenda de trabajo en el estado <strong>Zulia.<\/strong><\/p>\n\n\n\n<p>En ese contexto, Reverol destac\u00f3 que a este puente se les\nest\u00e1n realizando actualmente <strong>labores de\nmantenimiento<\/strong>, tanto preventivo como correctivo. Adem\u00e1s, indic\u00f3 que dichos\ntrabajos son realizados siguiendo los m\u00e1s altos <strong>est\u00e1ndares t\u00e9cnicos y normativas de la ingenier\u00eda civil.<\/strong><\/p>\n\n\n\n<p>\u201cContinuamos preservando esta importante estructura que\ncomunica la capital zuliana con el resto del territorio nacional y que se suma\nal desarrollo econ\u00f3mico y productivo del pa\u00eds\u201d, enfatiz\u00f3. <\/p>\n\n\n\n<p>M\u00e1s temprano, el <strong>General\nen Jefe<\/strong> inspeccion\u00f3 igualmente las obras del <strong>Monumento al Bicentenario de la Batalla Naval del Lago de Maracaibo<\/strong>,\nque enaltecer\u00e1n la gesta de los patriotas que lucharon por la Independencia de\nVenezuela.<\/p>\n\n\n\n<p>Desde estos espacios se puede apreciar el <strong>puente G\/J Rafael Urdaneta<\/strong>, una obra de\ndesarrollo integral que potencia el bienestar social de los marabinos.<\/p>\n\n\n\n<p>El Puente General Rafael Urdaneta, inaugurado en 1962, es la\nentrada principal a la capital del estado y un \u00edcono de la ciudad. <\/p>\n\n\n\n<p>Prensa VPSOPS \/ Aliarly Carrillo<\/p>\n","protected":false},"excerpt":{"rendered":"<p>Prensa VPSOPS &#8211; (Zulia 17\/03\/2023).- El vicepresidente Sectorial de Obras P\u00fablicas y Servicios, G\/J N\u00e9stor Reverol, inspeccion\u00f3 este viernes el<\/p>\n","protected":false},"author":22,"featured_media":88840,"comment_status":"open","ping_status":"open","sticky":false,"template":"","format":"standard","meta":{"footnotes":""},"categories":[30],"tags":[],"class_list":["post-88839","post","type-post","status-publish","format-standard","has-post-thumbnail","hentry","category-regionales"],"_links":{"self":[{"href":"https:\/\/mppee.gob.ve\/index.php?rest_route=\/wp\/v2\/posts\/88839","targetHints":{"allow":["GET"]}}],"collection":[{"href":"https:\/\/mppee.gob.ve\/index.php?rest_route=\/wp\/v2\/posts"}],"about":[{"href":"https:\/\/mppee.gob.ve\/index.php?rest_route=\/wp\/v2\/types\/post"}],"author":[{"embeddable":true,"href":"https:\/\/mppee.gob.ve\/index.php?rest_route=\/wp\/v2\/users\/22"}],"replies":[{"embeddable":true,"href":"https:\/\/mppee.gob.ve\/index.php?rest_route=%2Fwp%2Fv2%2Fcomments&post=88839"}],"version-history":[{"count":1,"href":"https:\/\/mppee.gob.ve\/index.php?rest_route=\/wp\/v2\/posts\/88839\/revisions"}],"predecessor-version":[{"id":88841,"href":"https:\/\/mppee.gob.ve\/index.php?rest_route=\/wp\/v2\/posts\/88839\/revisions\/88841"}],"wp:featuredmedia":[{"embeddable":true,"href":"https:\/\/mppee.gob.ve\/index.php?rest_route=\/wp\/v2\/media\/88840"}],"wp:attachment":[{"href":"https:\/\/mppee.gob.ve\/index.php?rest_route=%2Fwp%2Fv2%2Fmedia&parent=88839"}],"wp:term":[{"taxonomy":"category","embeddable":true,"href":"https:\/\/mppee.gob.ve\/index.php?rest_route=%2Fwp%2Fv2%2Fcategories&post=88839"},{"taxonomy":"post_tag","embeddable":true,"href":"https:\/\/mppee.gob.ve\/index.php?rest_route=%2Fwp%2Fv2%2Ftags&post=88839"}],"curies":[{"name":"wp","href":"https:\/\/api.w.org\/{rel}","templated":true}]}}