{"id":88860,"date":"2023-03-24T00:21:00","date_gmt":"2023-03-24T00:21:00","guid":{"rendered":"http:\/\/10.200.87.50\/mppee\/?p=88860"},"modified":"2023-03-24T00:21:01","modified_gmt":"2023-03-24T00:21:01","slug":"evaluan-estrategias-del-plan-guaicaipuro-para-mantenimiento-de-la-infraestructura-electrica-en-la-region-capital","status":"publish","type":"post","link":"https:\/\/mppee.gob.ve\/?p=88860","title":{"rendered":"Eval\u00faan  estrategias del Plan Guaicaipuro para mantenimiento de la infraestructura el\u00e9ctrica en la Regi\u00f3n Capital"},"content":{"rendered":"\n<p>Prensa MPPEE \u2013 (Caracas 23\/03\/2023).- En la sede del <strong>Ministerio del Poder Popular para la\nEnerg\u00eda El\u00e9ctrica<\/strong> en San Bernardino, Caracas se llev\u00f3 a cabo este jueves\nuna <strong>reuni\u00f3n de trabajo<\/strong> en la que se\nevaluaron las estrategias contempladas en el <strong>Plan Guaicaipuro<\/strong> que responde al <strong>mantenimiento de la infraestructura el\u00e9ctrica<\/strong> en los estados\nMiranda, <strong>La Guaira y Distrito Capital.<\/strong><\/p>\n\n\n\n<p>La informaci\u00f3n la dio a conocer el <strong>vicepresidente Sectorial de Obras P\u00fablicas y Servicios&nbsp;&nbsp; G\/J N\u00e9stor Reverol<\/strong>, quien junto al <strong>presidente de la Corporaci\u00f3n El\u00e9ctrica\nNacional (Corpoelec) Ingeniero Jos\u00e9 Luis Betancourt<\/strong>, gerentes de \u00e1reas de\nTransmisi\u00f3n, Distribuci\u00f3n y Gerentes Territoriales, supervisaron los proyectos\na efectuarse para optimizar el suministro de energ\u00eda el\u00e9ctrica en la <strong>Regi\u00f3n Capital<\/strong>.<\/p>\n\n\n\n<p>\u201cTambi\u00e9n se revis\u00f3 la operatividad y despliegue de la <strong>fuerza trabajadora<\/strong> distribuido en tres\nfrentes de acci\u00f3n, para atender las eventualidades y responder de manera\noportuna a las solicitudes de los usuarios\u201d, asegur\u00f3 Reverol Torres.<\/p>\n\n\n\n<p>El tambi\u00e9n <strong>Ministro\ndel Poder Popular Para la Energ\u00eda El\u00e9ctrica<\/strong> afirm\u00f3 que el <strong>Gobierno Bolivariano<\/strong> contin\u00faa\ndesarrollando diferentes operaciones para fortalecer el <strong>Sistema El\u00e9ctrico Nacional (SEN).<\/strong><\/p>\n\n\n\n<p>Prensa MPPEE \/ Maikel Reyes<\/p>\n","protected":false},"excerpt":{"rendered":"<p>Prensa MPPEE \u2013 (Caracas 23\/03\/2023).- En la sede del Ministerio del Poder Popular para la Energ\u00eda El\u00e9ctrica en San Bernardino,<\/p>\n","protected":false},"author":22,"featured_media":88861,"comment_status":"open","ping_status":"open","sticky":false,"template":"","format":"standard","meta":{"footnotes":""},"categories":[15],"tags":[],"class_list":["post-88860","post","type-post","status-publish","format-standard","has-post-thumbnail","hentry","category-nacionales"],"_links":{"self":[{"href":"https:\/\/mppee.gob.ve\/index.php?rest_route=\/wp\/v2\/posts\/88860","targetHints":{"allow":["GET"]}}],"collection":[{"href":"https:\/\/mppee.gob.ve\/index.php?rest_route=\/wp\/v2\/posts"}],"about":[{"href":"https:\/\/mppee.gob.ve\/index.php?rest_route=\/wp\/v2\/types\/post"}],"author":[{"embeddable":true,"href":"https:\/\/mppee.gob.ve\/index.php?rest_route=\/wp\/v2\/users\/22"}],"replies":[{"embeddable":true,"href":"https:\/\/mppee.gob.ve\/index.php?rest_route=%2Fwp%2Fv2%2Fcomments&post=88860"}],"version-history":[{"count":1,"href":"https:\/\/mppee.gob.ve\/index.php?rest_route=\/wp\/v2\/posts\/88860\/revisions"}],"predecessor-version":[{"id":88862,"href":"https:\/\/mppee.gob.ve\/index.php?rest_route=\/wp\/v2\/posts\/88860\/revisions\/88862"}],"wp:featuredmedia":[{"embeddable":true,"href":"https:\/\/mppee.gob.ve\/index.php?rest_route=\/wp\/v2\/media\/88861"}],"wp:attachment":[{"href":"https:\/\/mppee.gob.ve\/index.php?rest_route=%2Fwp%2Fv2%2Fmedia&parent=88860"}],"wp:term":[{"taxonomy":"category","embeddable":true,"href":"https:\/\/mppee.gob.ve\/index.php?rest_route=%2Fwp%2Fv2%2Fcategories&post=88860"},{"taxonomy":"post_tag","embeddable":true,"href":"https:\/\/mppee.gob.ve\/index.php?rest_route=%2Fwp%2Fv2%2Ftags&post=88860"}],"curies":[{"name":"wp","href":"https:\/\/api.w.org\/{rel}","templated":true}]}}