{"id":88898,"date":"2023-03-30T22:39:48","date_gmt":"2023-03-30T22:39:48","guid":{"rendered":"http:\/\/10.200.87.50\/mppee\/?p=88898"},"modified":"2023-03-30T22:39:49","modified_gmt":"2023-03-30T22:39:49","slug":"venezuela-y-africa-intercambian-conocimientos-sobre-buen-uso-de-las-energias-alternativas","status":"publish","type":"post","link":"https:\/\/mppee.gob.ve\/?p=88898","title":{"rendered":"Venezuela y \u00c1frica intercambian conocimientos sobre buen uso de las energ\u00edas alternativas"},"content":{"rendered":"\n<p>Prensa Mppee (Caracas\n30\/03\/2023).- <strong>La viceministra para\nNuevas Fuentes y Uso Racional de la Energ\u00eda El\u00e9ctrica, Tan\u00eda Masea<\/strong>, lider\u00f3\neste jueves un <strong>encuentro de trabajo<\/strong>\ncon la delegaci\u00f3n del <strong>Comit\u00e9 Permanente\npara la Alimentaci\u00f3n, Agricultura y Recursos Naturales (FANR) del Foro\nParlamentario de la Comunidad de Desarrollo de \u00c1frica Austral<\/strong> para\nintercambiar conocimientos sobre el uso adecuado de las energ\u00edas alternativas\nen los sectores productivos.<\/p>\n\n\n\n<p>\u201cEn nombre de nuestro ministro, <strong>N\u00e9stor Reverol<\/strong>, tenemos mucho gusto en\npoder compartir experiencias de lo que estamos haciendo en nuestros pa\u00edses en\nmateria de energ\u00edas alternativas\u201d, expres\u00f3 Masea desde la sede principal del <strong>Ministerio del Poder Popular para la\nEnerg\u00eda El\u00e9ctrica (Mppee)<\/strong> en Caracas donde estuvo acompa\u00f1ada por el\nIngeniero Benjam\u00edn Bustamante, director general (E) de Energ\u00eda Alternativa. <\/p>\n\n\n\n<p>En ese contexto, se&nbsp; realiz\u00f3 una ponencia sobre c\u00f3mo se utilizan\nlas diversas <strong>fuentes de energ\u00eda<\/strong> <strong>en la agricultura <\/strong>y otros \u00e1mbitos.&nbsp; <\/p>\n\n\n\n<p>\u201cEstamos empe\u00f1ados en nuestro <strong>Plan de Desarrollo Econ\u00f3mico y Social de la\nNaci\u00f3n<\/strong>, para impulsar en el pa\u00eds cuidando el ambiente y para ello es\nesencial un buen desarrollo de la agricultura. Asimismo, una de las acciones a\nrealizar es instalar 20 mil sistemas de bombeo solar para <strong>actividades agr\u00edcolas<\/strong>\u201d, sostuvo.<\/p>\n\n\n\n<p>Se explic\u00f3 igualmente las\nconsecuencias que trajo el golpe el\u00e9ctrico ocurrido en el pa\u00eds en el a\u00f1o 2019,\ny de como desde ese momento se comenz\u00f3 a diversificar la <strong>energ\u00eda el\u00e9ctrica<\/strong> con el impulso de las fuentes alternativas, como\nla&nbsp; energ\u00eda e\u00f3lica, solar e h\u00eddrica. <\/p>\n\n\n\n<p>Plan de Desarrollo Econ\u00f3mico y\nSocial <\/p>\n\n\n\n<p>La <strong>Viceministra para Nuevas Fuentes y Uso Racional de la Energ\u00eda El\u00e9ctrica<\/strong>\ndestac\u00f3 que en la actualidad se est\u00e1n desarrollando en el pa\u00eds&nbsp; parques solares, los cuales pertenecen al\nPlan de Desarrollo Econ\u00f3mico y Social del cual se deriva el <strong>Plan Nacional de Energ\u00edas Alternativas<\/strong>\nque&nbsp; contempla el aprovechamiento de\nenerg\u00eda solar, e\u00f3lica y de sistemas de biomasas, geot\u00e9rmica, mareomotriz, entre\notras.<\/p>\n\n\n\n<p>&nbsp;\u201cTenemos un parque e\u00f3lico de 54 megavatios y\ntenemos planteado desarrollar otro m\u00e1s, pero tambi\u00e9n aprovechar los bajos\nvientos en peque\u00f1os sistemas h\u00edbridos, porque tenemos en varias partes del pa\u00eds\naprovechamiento del viento. Hemos venido recuperando nuestro <strong>Sistema El\u00e9ctrico Nacional<\/strong> porque\njustamente es la electricidad uno de los principales elementos para darle\nbienestar a nuestro pueblo\u201d, concluy\u00f3.<\/p>\n\n\n\n<p>Prensa MPPEE \/ Jeimy Avenda\u00f1o<\/p>\n","protected":false},"excerpt":{"rendered":"<p>Prensa Mppee (Caracas 30\/03\/2023).- La viceministra para Nuevas Fuentes y Uso Racional de la Energ\u00eda El\u00e9ctrica, Tan\u00eda Masea, lider\u00f3 este<\/p>\n","protected":false},"author":22,"featured_media":88899,"comment_status":"open","ping_status":"open","sticky":false,"template":"","format":"standard","meta":{"footnotes":""},"categories":[15],"tags":[46],"class_list":["post-88898","post","type-post","status-publish","format-standard","has-post-thumbnail","hentry","category-nacionales","tag-venezuela"],"_links":{"self":[{"href":"https:\/\/mppee.gob.ve\/index.php?rest_route=\/wp\/v2\/posts\/88898","targetHints":{"allow":["GET"]}}],"collection":[{"href":"https:\/\/mppee.gob.ve\/index.php?rest_route=\/wp\/v2\/posts"}],"about":[{"href":"https:\/\/mppee.gob.ve\/index.php?rest_route=\/wp\/v2\/types\/post"}],"author":[{"embeddable":true,"href":"https:\/\/mppee.gob.ve\/index.php?rest_route=\/wp\/v2\/users\/22"}],"replies":[{"embeddable":true,"href":"https:\/\/mppee.gob.ve\/index.php?rest_route=%2Fwp%2Fv2%2Fcomments&post=88898"}],"version-history":[{"count":1,"href":"https:\/\/mppee.gob.ve\/index.php?rest_route=\/wp\/v2\/posts\/88898\/revisions"}],"predecessor-version":[{"id":88900,"href":"https:\/\/mppee.gob.ve\/index.php?rest_route=\/wp\/v2\/posts\/88898\/revisions\/88900"}],"wp:featuredmedia":[{"embeddable":true,"href":"https:\/\/mppee.gob.ve\/index.php?rest_route=\/wp\/v2\/media\/88899"}],"wp:attachment":[{"href":"https:\/\/mppee.gob.ve\/index.php?rest_route=%2Fwp%2Fv2%2Fmedia&parent=88898"}],"wp:term":[{"taxonomy":"category","embeddable":true,"href":"https:\/\/mppee.gob.ve\/index.php?rest_route=%2Fwp%2Fv2%2Fcategories&post=88898"},{"taxonomy":"post_tag","embeddable":true,"href":"https:\/\/mppee.gob.ve\/index.php?rest_route=%2Fwp%2Fv2%2Ftags&post=88898"}],"curies":[{"name":"wp","href":"https:\/\/api.w.org\/{rel}","templated":true}]}}