{"id":88906,"date":"2023-04-01T00:12:19","date_gmt":"2023-04-01T00:12:19","guid":{"rendered":"http:\/\/10.200.87.50\/mppee\/?p=88906"},"modified":"2023-04-01T00:12:20","modified_gmt":"2023-04-01T00:12:20","slug":"mas-de-59-mil-trabajadores-del-sen-atendidos-en-jornadas-medicas-del-fasmee-durante-el-primer-trimestre-del-ano","status":"publish","type":"post","link":"https:\/\/mppee.gob.ve\/?p=88906","title":{"rendered":"M\u00e1s de 59 mil trabajadores del SEN atendidos en jornadas m\u00e9dicas del Fasmee durante el primer trimestre del a\u00f1o"},"content":{"rendered":"\n<p>Prensa MPPEE- (Caracas\n31\/03\/2023).- El <strong>Ministerio del Poder\nPopular de la Energ\u00eda El\u00e9ctrica (Mppee) <\/strong>ha brindado atenci\u00f3n m\u00e9dica a\n59.500 <strong>trabajadores<\/strong> del <strong>Sistema El\u00e9ctrico Nacional (SEN),<\/strong> a\ntrav\u00e9s de <strong>Jornadas Integrales M\u00e9dico\nAsistenciales<\/strong>, desarrolladas en todo el pa\u00eds, durante el primer trimestre\ndel a\u00f1o. <\/p>\n\n\n\n<p>La informaci\u00f3n la dio a conocer\nel <strong>presidente del Fondo Autoadministrado\nde Salud del Ministerio del Poder Popular para la Energ\u00eda El\u00e9ctrica (Fasmee),\ncoronel Rafael Betancourt,<\/strong> desde Guatire, estado Miranda, donde se llev\u00f3 a\ncabo la d\u00e9cima <strong>Jornada de Atenci\u00f3n<\/strong>\nen diversas especialidades m\u00e9dicas, dirigidas tambi\u00e9n a los trabajadores\njubilados de este sector.&nbsp; <\/p>\n\n\n\n<p>\u201cCon esta jornada llegamos a la\nd\u00e9cima jornada (\u2026) todas ellas fueron instruidas por el <strong>Ministro para la Energ\u00eda El\u00e9ctrica, N\u00e9stor Reverol<\/strong> y acompa\u00f1adas\npor las pol\u00edticas de <strong>Corpoelec<\/strong>, lo\nque en definitiva impacta de manera importante a toda la fuerza trabajadora del\nsector\u201d, indic\u00f3. <\/p>\n\n\n\n<p>Betancourt destac\u00f3 que durante\nestas actividades tambi\u00e9n se vendieron combos de comida a precios accesibles\npor parte de la <strong>Fundaci\u00f3n de Servicio de\nAlimentaci\u00f3n para los Trabajadores y Trabajadoras del Sector El\u00e9ctrico Nacional\n(Funsasen)<\/strong>,&nbsp; entregas de carnets,\nactualizaci\u00f3n de datos, entre otros. <\/p>\n\n\n\n<p>En ese sentido, hizo un llamado a\nla fuerza trabajadora del SEN a asistir a estas jornadas, con el fin de\ndetectar a tiempo cualquier enfermedad. <\/p>\n\n\n\n<p>\u201cLa prevenci\u00f3n es la medicina porque\nnos va a permitir mitigar las enfermedades\u201d, finaliz\u00f3. <\/p>\n\n\n\n<p>Prensa MPPEE\u2013 Aliarly Carrillo<\/p>\n","protected":false},"excerpt":{"rendered":"<p>Prensa MPPEE- (Caracas 31\/03\/2023).- El Ministerio del Poder Popular de la Energ\u00eda El\u00e9ctrica (Mppee) ha brindado atenci\u00f3n m\u00e9dica a 59.500<\/p>\n","protected":false},"author":22,"featured_media":88907,"comment_status":"open","ping_status":"open","sticky":false,"template":"","format":"standard","meta":{"footnotes":""},"categories":[15],"tags":[255],"class_list":["post-88906","post","type-post","status-publish","format-standard","has-post-thumbnail","hentry","category-nacionales","tag-fasmee"],"_links":{"self":[{"href":"https:\/\/mppee.gob.ve\/index.php?rest_route=\/wp\/v2\/posts\/88906","targetHints":{"allow":["GET"]}}],"collection":[{"href":"https:\/\/mppee.gob.ve\/index.php?rest_route=\/wp\/v2\/posts"}],"about":[{"href":"https:\/\/mppee.gob.ve\/index.php?rest_route=\/wp\/v2\/types\/post"}],"author":[{"embeddable":true,"href":"https:\/\/mppee.gob.ve\/index.php?rest_route=\/wp\/v2\/users\/22"}],"replies":[{"embeddable":true,"href":"https:\/\/mppee.gob.ve\/index.php?rest_route=%2Fwp%2Fv2%2Fcomments&post=88906"}],"version-history":[{"count":1,"href":"https:\/\/mppee.gob.ve\/index.php?rest_route=\/wp\/v2\/posts\/88906\/revisions"}],"predecessor-version":[{"id":88908,"href":"https:\/\/mppee.gob.ve\/index.php?rest_route=\/wp\/v2\/posts\/88906\/revisions\/88908"}],"wp:featuredmedia":[{"embeddable":true,"href":"https:\/\/mppee.gob.ve\/index.php?rest_route=\/wp\/v2\/media\/88907"}],"wp:attachment":[{"href":"https:\/\/mppee.gob.ve\/index.php?rest_route=%2Fwp%2Fv2%2Fmedia&parent=88906"}],"wp:term":[{"taxonomy":"category","embeddable":true,"href":"https:\/\/mppee.gob.ve\/index.php?rest_route=%2Fwp%2Fv2%2Fcategories&post=88906"},{"taxonomy":"post_tag","embeddable":true,"href":"https:\/\/mppee.gob.ve\/index.php?rest_route=%2Fwp%2Fv2%2Ftags&post=88906"}],"curies":[{"name":"wp","href":"https:\/\/api.w.org\/{rel}","templated":true}]}}