{"id":88917,"date":"2023-04-01T23:42:26","date_gmt":"2023-04-01T23:42:26","guid":{"rendered":"http:\/\/10.200.87.50\/mppee\/?p=88917"},"modified":"2023-04-01T23:42:27","modified_gmt":"2023-04-01T23:42:27","slug":"inauguran-subestacion-electrica-chichiriviche-en-falcon","status":"publish","type":"post","link":"https:\/\/mppee.gob.ve\/?p=88917","title":{"rendered":"Inauguran Subestaci\u00f3n El\u00e9ctrica Chichiriviche en Falc\u00f3n"},"content":{"rendered":"\n<p>Prensa MPPEE \u2013 (Falc\u00f3n 01\/04\/2023).- Este s\u00e1bado, fue\ninaugurada la <strong>Subestaci\u00f3n El\u00e9ctrica\nChichiriviche<\/strong>, en el estado <strong>Falc\u00f3n<\/strong>,\nla cual cuenta con una capacidad instalada de 36 MVA y dos <strong>circuitos de distribuci\u00f3n.<\/strong><\/p>\n\n\n\n<p>La informaci\u00f3n la dio a conocer el <strong>vicepresidente Sectorial de Obras P\u00fablicas y Servicios, G\/J N\u00e9stor\nReverol<\/strong>, desde la entidad donde llev\u00f3 a cabo una importante agenda de\ntrabajo. <\/p>\n\n\n\n<p>Precis\u00f3 que la obra incluye la construcci\u00f3n de <strong>una L\u00ednea 115 k kV <\/strong>con postes\npolim\u00e9ricos especialmente dise\u00f1ados para soportar la condici\u00f3n clim\u00e1tica de la\nentidad.<\/p>\n\n\n\n<p>Destac\u00f3 que esta subestaci\u00f3n contribuye con la\ntransformaci\u00f3n y <strong>crecimiento econ\u00f3mico\nregional.<\/strong><\/p>\n\n\n\n<p><strong><em>Dotaci\u00f3n de insumos a la fuerza trabajadora<\/em><\/strong><\/p>\n\n\n\n<p>El tambi\u00e9n <strong>Ministro del\nPoder Popular para la Energ\u00eda El\u00e9ctrica (Mppee) <\/strong>entreg\u00f3 a <strong>la fuerza trabajadora de la Gerencia de\nProgramaci\u00f3n y Control de Vegetaci\u00f3n<\/strong> 105 herramientas para optimizar la\naccesibilidad de los corredores y redes el\u00e9ctricas en el estado.<\/p>\n\n\n\n<p>Detall\u00f3 que entre los insumos que entreg\u00f3 est\u00e1n motosierras,\ndesmalezadoras, machetes, protectores faciales y escaleras. <\/p>\n\n\n\n<p>\u201c\u00a1Seguimos apostando a la consolidaci\u00f3n del Sistema\nEl\u00e9ctrico Nacional!\u201d, concluy\u00f3. <\/p>\n\n\n\n<p>Prensa MPPEE\u2013 Aliarly Carrillo<\/p>\n","protected":false},"excerpt":{"rendered":"<p>Prensa MPPEE \u2013 (Falc\u00f3n 01\/04\/2023).- Este s\u00e1bado, fue inaugurada la Subestaci\u00f3n El\u00e9ctrica Chichiriviche, en el estado Falc\u00f3n, la cual cuenta<\/p>\n","protected":false},"author":22,"featured_media":88918,"comment_status":"open","ping_status":"open","sticky":false,"template":"","format":"standard","meta":{"footnotes":""},"categories":[30],"tags":[],"class_list":["post-88917","post","type-post","status-publish","format-standard","has-post-thumbnail","hentry","category-regionales"],"_links":{"self":[{"href":"https:\/\/mppee.gob.ve\/index.php?rest_route=\/wp\/v2\/posts\/88917","targetHints":{"allow":["GET"]}}],"collection":[{"href":"https:\/\/mppee.gob.ve\/index.php?rest_route=\/wp\/v2\/posts"}],"about":[{"href":"https:\/\/mppee.gob.ve\/index.php?rest_route=\/wp\/v2\/types\/post"}],"author":[{"embeddable":true,"href":"https:\/\/mppee.gob.ve\/index.php?rest_route=\/wp\/v2\/users\/22"}],"replies":[{"embeddable":true,"href":"https:\/\/mppee.gob.ve\/index.php?rest_route=%2Fwp%2Fv2%2Fcomments&post=88917"}],"version-history":[{"count":1,"href":"https:\/\/mppee.gob.ve\/index.php?rest_route=\/wp\/v2\/posts\/88917\/revisions"}],"predecessor-version":[{"id":88919,"href":"https:\/\/mppee.gob.ve\/index.php?rest_route=\/wp\/v2\/posts\/88917\/revisions\/88919"}],"wp:featuredmedia":[{"embeddable":true,"href":"https:\/\/mppee.gob.ve\/index.php?rest_route=\/wp\/v2\/media\/88918"}],"wp:attachment":[{"href":"https:\/\/mppee.gob.ve\/index.php?rest_route=%2Fwp%2Fv2%2Fmedia&parent=88917"}],"wp:term":[{"taxonomy":"category","embeddable":true,"href":"https:\/\/mppee.gob.ve\/index.php?rest_route=%2Fwp%2Fv2%2Fcategories&post=88917"},{"taxonomy":"post_tag","embeddable":true,"href":"https:\/\/mppee.gob.ve\/index.php?rest_route=%2Fwp%2Fv2%2Ftags&post=88917"}],"curies":[{"name":"wp","href":"https:\/\/api.w.org\/{rel}","templated":true}]}}