{"id":88992,"date":"2023-04-13T21:20:23","date_gmt":"2023-04-13T21:20:23","guid":{"rendered":"http:\/\/10.200.87.50\/mppee\/?p=88992"},"modified":"2023-04-13T21:20:24","modified_gmt":"2023-04-13T21:20:24","slug":"fuerza-obrera-del-sector-electrico-conmemoro-el-dia-de-la-dignidad-nacional","status":"publish","type":"post","link":"https:\/\/mppee.gob.ve\/?p=88992","title":{"rendered":"Fuerza obrera del sector el\u00e9ctrico conmemor\u00f3 el D\u00eda de la Dignidad Nacional"},"content":{"rendered":"\n<p>Prensa Corpoelec \u2013 (Caracas\n13\/04\/2023).- El pueblo y la Fuerza Armada Nacional Bolivariana se moviliz\u00f3\neste jueves <strong>13 de abril<\/strong> desde\ndiversos puntos de la ciudad de <strong>Caracas<\/strong>,\npara conmemorar el <strong>D\u00eda del Rescate de la\nDignidad Nacional y D\u00eda de la Milicia Nacional Bolivariana.<\/strong><\/p>\n\n\n\n<p>Ese 13 de abril de 2002, el <strong>pueblo venezolano<\/strong> en las calles celebr\u00f3\nla recuperaci\u00f3n del hilo democr\u00e1tico y de su dignidad, la cual hab\u00eda sido\narrebatada por la derecha nacional dirigida por el imperialismo norteamericano,\nluego del rescate exitoso del <strong>Comandante\nEterno, Hugo Ch\u00e1vez Fr\u00edas<\/strong>, quien estuvo secuestrado por las fuerzas\ngolpistas.<\/p>\n\n\n\n<p>La movilizaci\u00f3n, que parti\u00f3 desde\nla <strong>Plaza Sucre de Catia y la sede de\nCANTV<\/strong>, en la avenida Libertador, tuvo como punto de llegada el <strong>Palacio de Miraflores<\/strong>, donde fue\nrecibida el <strong>presidente de la Rep\u00fablica\nBolivariana de Venezuela, Nicol\u00e1s Maduro.<\/strong><\/p>\n\n\n\n<p>La <strong>fuerza trabajadora<\/strong> del <strong>sector\nel\u00e9ctrico<\/strong> estuvo presente en la movilizaci\u00f3n, y record\u00f3 su compromiso con\nel legado del <strong>Comandante Eterno<\/strong>. Una\nde las asistentes fue Maryel\u00edn Mendoza, del \u00c1rea de Documentaci\u00f3n del Instituto\n\u201cDon Luis Zambrano\u201d, quien declar\u00f3 que, \u201cestamos aqu\u00ed compartiendo el triunfo\npor el regreso ocurrido ese 13 de abril de 2002,&nbsp; de nuestro <strong>Comandante Ch\u00e1vez<\/strong>, quien siempre vive en nuestros corazones\u201d.<\/p>\n\n\n\n<p>Por su parte, Pedro Blum,\ntrabajador adscrito a la Gerencia de Ambiente, Seguridad e Higiene Ocupacional\n(Asho), expres\u00f3 que ese 13 de abril, \u201cel pueblo sali\u00f3 a las calles para\nrescatar al <strong>Comandante Supremo Hugo\nCh\u00e1vez Fr\u00edas<\/strong>, luego de que el fascismo opositor diera un golpe de Estado\u201d.<\/p>\n\n\n\n<p>\u201cEllos no contaban que el pueblo\niba a rescatar a su Comandante, cre\u00edan que el pueblo se iba a quedar con los\nbrazos cruzados y fue todo lo contrario, subestimaron al pueblo\u00bb,\npuntualiz\u00f3 Blum.<\/p>\n\n\n\n<p>Prensa Corpoelec<\/p>\n","protected":false},"excerpt":{"rendered":"<p>Prensa Corpoelec \u2013 (Caracas 13\/04\/2023).- El pueblo y la Fuerza Armada Nacional Bolivariana se moviliz\u00f3 este jueves 13 de abril<\/p>\n","protected":false},"author":22,"featured_media":88993,"comment_status":"open","ping_status":"open","sticky":false,"template":"","format":"standard","meta":{"footnotes":""},"categories":[15],"tags":[],"class_list":["post-88992","post","type-post","status-publish","format-standard","has-post-thumbnail","hentry","category-nacionales"],"_links":{"self":[{"href":"https:\/\/mppee.gob.ve\/index.php?rest_route=\/wp\/v2\/posts\/88992","targetHints":{"allow":["GET"]}}],"collection":[{"href":"https:\/\/mppee.gob.ve\/index.php?rest_route=\/wp\/v2\/posts"}],"about":[{"href":"https:\/\/mppee.gob.ve\/index.php?rest_route=\/wp\/v2\/types\/post"}],"author":[{"embeddable":true,"href":"https:\/\/mppee.gob.ve\/index.php?rest_route=\/wp\/v2\/users\/22"}],"replies":[{"embeddable":true,"href":"https:\/\/mppee.gob.ve\/index.php?rest_route=%2Fwp%2Fv2%2Fcomments&post=88992"}],"version-history":[{"count":1,"href":"https:\/\/mppee.gob.ve\/index.php?rest_route=\/wp\/v2\/posts\/88992\/revisions"}],"predecessor-version":[{"id":88994,"href":"https:\/\/mppee.gob.ve\/index.php?rest_route=\/wp\/v2\/posts\/88992\/revisions\/88994"}],"wp:featuredmedia":[{"embeddable":true,"href":"https:\/\/mppee.gob.ve\/index.php?rest_route=\/wp\/v2\/media\/88993"}],"wp:attachment":[{"href":"https:\/\/mppee.gob.ve\/index.php?rest_route=%2Fwp%2Fv2%2Fmedia&parent=88992"}],"wp:term":[{"taxonomy":"category","embeddable":true,"href":"https:\/\/mppee.gob.ve\/index.php?rest_route=%2Fwp%2Fv2%2Fcategories&post=88992"},{"taxonomy":"post_tag","embeddable":true,"href":"https:\/\/mppee.gob.ve\/index.php?rest_route=%2Fwp%2Fv2%2Ftags&post=88992"}],"curies":[{"name":"wp","href":"https:\/\/api.w.org\/{rel}","templated":true}]}}