{"id":88995,"date":"2023-04-11T15:43:00","date_gmt":"2023-04-11T15:43:00","guid":{"rendered":"http:\/\/10.200.87.50\/mppee\/?p=88995"},"modified":"2023-04-14T15:50:29","modified_gmt":"2023-04-14T15:50:29","slug":"venezuela-y-cuba-evaluan-proyectos-sobre-el-uso-eficiente-de-la-energia-electrica","status":"publish","type":"post","link":"https:\/\/mppee.gob.ve\/?p=88995","title":{"rendered":"Venezuela y Cuba eval\u00faan proyectos sobre el uso eficiente de la energ\u00eda el\u00e9ctrica"},"content":{"rendered":"\n<p>Prensa Corpoelec&nbsp; &#8211; (Caracas 11\/04\/2023).- Representantes de la\nRep\u00fablica de <strong>Cuba<\/strong> y autoridades del <strong>Ministerio del Poder Popular para la\nEnerg\u00eda El\u00e9ctrica (Mppee)<\/strong> sostuvieron&nbsp;\neste martes un encuentro de trabajo con el objetivo de fomentar en la\npoblaci\u00f3n venezolana el <strong>uso racional y\neficiente de la energ\u00eda.<\/strong><\/p>\n\n\n\n<p>La informaci\u00f3n la dio a conocer\nla <strong>viceministra de Nuevas Fuentes y Uso\nRacional de la Energ\u00eda El\u00e9ctrica, Tania Masea, <\/strong>quien asever\u00f3 que durante la\nreuni\u00f3n se verificaron y trazaron objetivos que ayuden a disminuir el consumo\nde electricidad en los hogares venezolanos.<\/p>\n\n\n\n<p>\u201cVenezuela en los \u00faltimos a\u00f1os,\nha tenido la proliferaci\u00f3n de cocinas el\u00e9ctricas y estamos trabajando en un\nprograma para la disminuci\u00f3n del consumo en aproximadamente 10%. Los compa\u00f1eros\ncubanos han desarrollado una tecnolog\u00eda con unas cocinas de inducci\u00f3n, que\nestamos revisando para verificar su viabilidad y su implementaci\u00f3n en el pa\u00eds\u201d,\nexplic\u00f3.<\/p>\n\n\n\n<p>Masea destac\u00f3 adem\u00e1s que con la\naplicaci\u00f3n de estos <strong>nuevos equipos<\/strong>\nen el hogar se puede disminuir un 54% del consumo el\u00e9ctrico. <\/p>\n\n\n\n<p>\u201cSe revisaron proyectos de\ninvestigaci\u00f3n entre ambas naciones, como la producci\u00f3n de equipos el\u00e9ctrico,\ncomo <strong>luminarias p\u00fablicas<\/strong> y dem\u00e1s\nelectrodom\u00e9sticos, que ayuden a conseguir el objetivo del uso racional y la\ndisminuci\u00f3n del consumo\u201d, afirm\u00f3.<\/p>\n\n\n\n<p>Finalmente, recalc\u00f3 que\ncumpliendo instrucciones del <strong>Ministro del\nPoder Popular para la Energ\u00eda El\u00e9ctrica, G\/J N\u00e9stor Reverol,<\/strong> se ponen en marcha\ntodas estas acciones que forman parte de las pol\u00edticas del Estado para\ngarantizar la estabilidad del <strong>Sistema\nEl\u00e9ctrico Nacional (SEN).<\/strong><\/p>\n","protected":false},"excerpt":{"rendered":"<p>Prensa Corpoelec&nbsp; &#8211; (Caracas 11\/04\/2023).- Representantes de la Rep\u00fablica de Cuba y autoridades del Ministerio del Poder Popular para la<\/p>\n","protected":false},"author":22,"featured_media":88996,"comment_status":"open","ping_status":"open","sticky":false,"template":"","format":"standard","meta":{"footnotes":""},"categories":[15],"tags":[46],"class_list":["post-88995","post","type-post","status-publish","format-standard","has-post-thumbnail","hentry","category-nacionales","tag-venezuela"],"_links":{"self":[{"href":"https:\/\/mppee.gob.ve\/index.php?rest_route=\/wp\/v2\/posts\/88995","targetHints":{"allow":["GET"]}}],"collection":[{"href":"https:\/\/mppee.gob.ve\/index.php?rest_route=\/wp\/v2\/posts"}],"about":[{"href":"https:\/\/mppee.gob.ve\/index.php?rest_route=\/wp\/v2\/types\/post"}],"author":[{"embeddable":true,"href":"https:\/\/mppee.gob.ve\/index.php?rest_route=\/wp\/v2\/users\/22"}],"replies":[{"embeddable":true,"href":"https:\/\/mppee.gob.ve\/index.php?rest_route=%2Fwp%2Fv2%2Fcomments&post=88995"}],"version-history":[{"count":1,"href":"https:\/\/mppee.gob.ve\/index.php?rest_route=\/wp\/v2\/posts\/88995\/revisions"}],"predecessor-version":[{"id":88997,"href":"https:\/\/mppee.gob.ve\/index.php?rest_route=\/wp\/v2\/posts\/88995\/revisions\/88997"}],"wp:featuredmedia":[{"embeddable":true,"href":"https:\/\/mppee.gob.ve\/index.php?rest_route=\/wp\/v2\/media\/88996"}],"wp:attachment":[{"href":"https:\/\/mppee.gob.ve\/index.php?rest_route=%2Fwp%2Fv2%2Fmedia&parent=88995"}],"wp:term":[{"taxonomy":"category","embeddable":true,"href":"https:\/\/mppee.gob.ve\/index.php?rest_route=%2Fwp%2Fv2%2Fcategories&post=88995"},{"taxonomy":"post_tag","embeddable":true,"href":"https:\/\/mppee.gob.ve\/index.php?rest_route=%2Fwp%2Fv2%2Ftags&post=88995"}],"curies":[{"name":"wp","href":"https:\/\/api.w.org\/{rel}","templated":true}]}}