{"id":88999,"date":"2023-04-15T00:49:30","date_gmt":"2023-04-15T00:49:30","guid":{"rendered":"http:\/\/10.200.87.50\/mppee\/?p=88999"},"modified":"2023-04-15T00:49:32","modified_gmt":"2023-04-15T00:49:32","slug":"mas-de-mil-trabajadores-del-sector-electrico-beneficiados-con-jornada-de-carnetizacion","status":"publish","type":"post","link":"https:\/\/mppee.gob.ve\/?p=88999","title":{"rendered":"M\u00e1s de mil trabajadores del sector el\u00e9ctrico beneficiados con Jornada de Carnetizaci\u00f3n"},"content":{"rendered":"\n<p>Prensa MPPEE (14\/04\/2023).- Desde el pasado lunes hasta este\nviernes catorce de abril se llev\u00f3 a cabo en la sede del <strong>Ministerio del Poder Popular para la Energ\u00eda El\u00e9ctrica (MPPEE)<\/strong> en\nSan Bernardino, Caracas, una <strong>Jornada de\nCarnetizaci\u00f3n<\/strong> para el personal activo del sector el\u00e9ctrico.<\/p>\n\n\n\n<p>La informaci\u00f3n la dio a conocer la <strong>Coordinadora del \u00c1rea de Control de Operaciones adscrito al \u00c1rea de\nSeguridad Industrial, Karina \u00c1lvarez<\/strong>, quien mencion\u00f3 que con dicha jornada\nfueron beneficiados 1.129 trabajadores quienes laboran en la <strong>Gran Caracas.<\/strong><\/p>\n\n\n\n<p>\u00c1lvarez destac\u00f3 que se le brind\u00f3 atenci\u00f3n al talento humano\nque requer\u00eda obtener su carnet por cambio de cargo, sede o de unidad dentro del\nedificio principal del <strong>sector el\u00e9ctrico<\/strong>;\nas\u00ed como tambi\u00e9n el ingreso de nuevos trabajadores.<\/p>\n\n\n\n<p>Recalc\u00f3 que pr\u00f3ximamente se prev\u00e9 realizar este tipo de\njornadas en todas las dependencias del <strong>Sistema\nEl\u00e9ctrico Nacional (SEN).<\/strong><\/p>\n\n\n\n<p>\u201cQueremos que todos los trabajadores del sector el\u00e9ctrico\nest\u00e9n identificados con su carnet institucional\u201d, asever\u00f3.<\/p>\n\n\n\n<p>Finalmente, asegur\u00f3 que las y los empleados est\u00e1n\nsatisfechos con este operativo de carnetizaci\u00f3n, dado que se le brinda la\noportunidad de renovar este documento que los identifica como personal de la <strong>fuerza el\u00e9ctrica y sus entes adscritos<\/strong>.<\/p>\n\n\n\n<p>Prensa MPPEE \/ Maikel Reyes<\/p>\n","protected":false},"excerpt":{"rendered":"<p>Prensa MPPEE (14\/04\/2023).- Desde el pasado lunes hasta este viernes catorce de abril se llev\u00f3 a cabo en la sede<\/p>\n","protected":false},"author":22,"featured_media":89000,"comment_status":"open","ping_status":"open","sticky":false,"template":"","format":"standard","meta":{"footnotes":""},"categories":[1],"tags":[],"class_list":["post-88999","post","type-post","status-publish","format-standard","has-post-thumbnail","hentry","category-mppee"],"_links":{"self":[{"href":"https:\/\/mppee.gob.ve\/index.php?rest_route=\/wp\/v2\/posts\/88999","targetHints":{"allow":["GET"]}}],"collection":[{"href":"https:\/\/mppee.gob.ve\/index.php?rest_route=\/wp\/v2\/posts"}],"about":[{"href":"https:\/\/mppee.gob.ve\/index.php?rest_route=\/wp\/v2\/types\/post"}],"author":[{"embeddable":true,"href":"https:\/\/mppee.gob.ve\/index.php?rest_route=\/wp\/v2\/users\/22"}],"replies":[{"embeddable":true,"href":"https:\/\/mppee.gob.ve\/index.php?rest_route=%2Fwp%2Fv2%2Fcomments&post=88999"}],"version-history":[{"count":1,"href":"https:\/\/mppee.gob.ve\/index.php?rest_route=\/wp\/v2\/posts\/88999\/revisions"}],"predecessor-version":[{"id":89001,"href":"https:\/\/mppee.gob.ve\/index.php?rest_route=\/wp\/v2\/posts\/88999\/revisions\/89001"}],"wp:featuredmedia":[{"embeddable":true,"href":"https:\/\/mppee.gob.ve\/index.php?rest_route=\/wp\/v2\/media\/89000"}],"wp:attachment":[{"href":"https:\/\/mppee.gob.ve\/index.php?rest_route=%2Fwp%2Fv2%2Fmedia&parent=88999"}],"wp:term":[{"taxonomy":"category","embeddable":true,"href":"https:\/\/mppee.gob.ve\/index.php?rest_route=%2Fwp%2Fv2%2Fcategories&post=88999"},{"taxonomy":"post_tag","embeddable":true,"href":"https:\/\/mppee.gob.ve\/index.php?rest_route=%2Fwp%2Fv2%2Ftags&post=88999"}],"curies":[{"name":"wp","href":"https:\/\/api.w.org\/{rel}","templated":true}]}}