{"id":89006,"date":"2023-04-15T23:23:31","date_gmt":"2023-04-15T23:23:31","guid":{"rendered":"http:\/\/10.200.87.50\/mppee\/?p=89006"},"modified":"2023-04-15T23:23:33","modified_gmt":"2023-04-15T23:23:33","slug":"sector-electrico-demostro-sus-avances-en-la-expo-gobierno-2023","status":"publish","type":"post","link":"https:\/\/mppee.gob.ve\/?p=89006","title":{"rendered":"Sector El\u00e9ctrico demostr\u00f3 sus avances en la Expo Gobierno 2023"},"content":{"rendered":"<p style=\"text-align: justify;\"><img loading=\"lazy\" decoding=\"async\" class=\"size-medium wp-image-89009 alignleft\" src=\"http:\/\/10.200.87.50\/mppee\/wp-content\/uploads\/2023\/04\/Sector-El\u00e9ctrico-demostr\u00f3-sus-avances-en-la-Expo-Gobierno-2023-4-300x200.jpeg\" alt=\"\" width=\"300\" height=\"200\" srcset=\"https:\/\/mppee.gob.ve\/wp-content\/uploads\/2023\/04\/Sector-El\u00e9ctrico-demostr\u00f3-sus-avances-en-la-Expo-Gobierno-2023-4-300x200.jpeg 300w, https:\/\/mppee.gob.ve\/wp-content\/uploads\/2023\/04\/Sector-El\u00e9ctrico-demostr\u00f3-sus-avances-en-la-Expo-Gobierno-2023-4-1024x682.jpeg 1024w, https:\/\/mppee.gob.ve\/wp-content\/uploads\/2023\/04\/Sector-El\u00e9ctrico-demostr\u00f3-sus-avances-en-la-Expo-Gobierno-2023-4-768x512.jpeg 768w, https:\/\/mppee.gob.ve\/wp-content\/uploads\/2023\/04\/Sector-El\u00e9ctrico-demostr\u00f3-sus-avances-en-la-Expo-Gobierno-2023-4.jpeg 1280w\" sizes=\"auto, (max-width: 300px) 100vw, 300px\" \/>El Ministerio del Poder Popular para la Energ\u00eda El\u00e9ctrica (Mppee) y sus entes adscritos mostraron sus avances a los asistentes al Expo Gobierno 2023, la cual se realiza en el paseo Los Pr\u00f3ceres en la ciudad de Caracas.<\/p>\n<p style=\"text-align: justify;\"><strong>\u201cHoy estamos aqu\u00ed, en celebraci\u00f3n con nuestro pueblo en estos 10 a\u00f1os de gesti\u00f3n del presidente, Nicol\u00e1s Maduro Moros\u201d<\/strong>, expres\u00f3 Carlos Gonz\u00e1lez, Viceministro para el Desarrollo del Sector y la Industria El\u00e9ctrica quien destac\u00f3 todas las acciones y logros hechos por los trabajadores y trabajadoras del sector en recuperar el Sistema El\u00e9ctrico Nacional (SEN).<\/p>\n<p style=\"text-align: justify;\">En ese sentido, explic\u00f3 que en el stand de Mppee se exponen las fases de recuperaci\u00f3n de transformadores y bombillos de tecnolog\u00eda LED, adem\u00e1s de los procesos de generaci\u00f3n, transmisi\u00f3n y distribuci\u00f3n el\u00e9ctrica, as\u00ed como el proceso de facturaci\u00f3n y cobro del servicio.<\/p>\n<p style=\"text-align: justify;\"><strong><img loading=\"lazy\" decoding=\"async\" class=\"size-medium wp-image-89007 alignright\" src=\"http:\/\/10.200.87.50\/mppee\/wp-content\/uploads\/2023\/04\/Sector-El\u00e9ctrico-demostr\u00f3-sus-avances-en-la-Expo-Gobierno-2023-2-300x200.jpeg\" alt=\"\" width=\"300\" height=\"200\" srcset=\"https:\/\/mppee.gob.ve\/wp-content\/uploads\/2023\/04\/Sector-El\u00e9ctrico-demostr\u00f3-sus-avances-en-la-Expo-Gobierno-2023-2-300x200.jpeg 300w, https:\/\/mppee.gob.ve\/wp-content\/uploads\/2023\/04\/Sector-El\u00e9ctrico-demostr\u00f3-sus-avances-en-la-Expo-Gobierno-2023-2-1024x682.jpeg 1024w, https:\/\/mppee.gob.ve\/wp-content\/uploads\/2023\/04\/Sector-El\u00e9ctrico-demostr\u00f3-sus-avances-en-la-Expo-Gobierno-2023-2-768x512.jpeg 768w, https:\/\/mppee.gob.ve\/wp-content\/uploads\/2023\/04\/Sector-El\u00e9ctrico-demostr\u00f3-sus-avances-en-la-Expo-Gobierno-2023-2.jpeg 1280w\" sizes=\"auto, (max-width: 300px) 100vw, 300px\" \/>\u201cInvitamos al pueblo a realizar un consumo razonable de la energ\u00eda, que nos lleve a un servicio continuo y confiable\u201d<\/strong>, afirm\u00f3 Gonz\u00e1lez.<\/p>\n<p style=\"text-align: justify;\">Entre el p\u00fablico presente al stand, estuvo Olga Yomira Pereira Jaimes, presidenta del Instituto Postal Telegr\u00e1fico de Venezuela (Ipostel), quien felicit\u00f3 al equipo por la gran exposici\u00f3n sobre el uso racional de la energ\u00eda el\u00e9ctrica.<\/p>\n<p style=\"text-align: justify;\"><strong>\u201cAgradecemos al presidente de la Rep\u00fablica por esta Expo Gobierno, donde podemos ver reflejado los logros y la importante lucha del pueblo venezolano contra las medidas coercitivas y asedio contra nuestro pa\u00eds\u201d<\/strong>, manifiest\u00f3 Pereira.<\/p>\n<p style=\"text-align: justify;\">Por su parte, Atahualpa D\u00edaz quien visit\u00f3 la Expo Gobierno consider\u00f3 muy interesante esta actividad en donde <strong>\u201cse muestra que tenemos un gran potencial, y esta feria lo refleja en la agricultura, la pesca, la miner\u00eda, y el sector el\u00e9ctrico\u00bb<\/strong>, precis\u00f3.<\/p>\n<p style=\"text-align: justify;\">Sandra Mesa, quien tambi\u00e9n asisti\u00f3 reconoci\u00f3 el trabajo del personal de Corpoelec por ense\u00f1ar a los asistentes la importancia del servicio el\u00e9ctrico. Igualmente, resalt\u00f3 la informaci\u00f3n recibida por parte de los trabajadores para solventar los inconvenientes el\u00e9ctrico en las comunidades.<\/p>\n<p style=\"text-align: justify;\"><strong>\u201cEste tipo de informaci\u00f3n muchas veces se desconoce, el c\u00f3mo abordar los problemas, c\u00f3mo por ejemplo, el alumbrado p\u00fablico. Por eso es importante venir a visitar a la Expo Gobierno 2023&#8243;<\/strong>, finaliz\u00f3.<\/p>\n<p><strong>Prensa Corpoelec<\/strong><\/p>\n","protected":false},"excerpt":{"rendered":"<p>El Ministerio del Poder Popular para la Energ\u00eda El\u00e9ctrica (Mppee) y sus entes adscritos mostraron sus avances a los asistentes<\/p>\n","protected":false},"author":12,"featured_media":89008,"comment_status":"open","ping_status":"open","sticky":false,"template":"","format":"standard","meta":{"footnotes":""},"categories":[1],"tags":[11],"class_list":["post-89006","post","type-post","status-publish","format-standard","has-post-thumbnail","hentry","category-mppee","tag-mppee"],"_links":{"self":[{"href":"https:\/\/mppee.gob.ve\/index.php?rest_route=\/wp\/v2\/posts\/89006","targetHints":{"allow":["GET"]}}],"collection":[{"href":"https:\/\/mppee.gob.ve\/index.php?rest_route=\/wp\/v2\/posts"}],"about":[{"href":"https:\/\/mppee.gob.ve\/index.php?rest_route=\/wp\/v2\/types\/post"}],"author":[{"embeddable":true,"href":"https:\/\/mppee.gob.ve\/index.php?rest_route=\/wp\/v2\/users\/12"}],"replies":[{"embeddable":true,"href":"https:\/\/mppee.gob.ve\/index.php?rest_route=%2Fwp%2Fv2%2Fcomments&post=89006"}],"version-history":[{"count":1,"href":"https:\/\/mppee.gob.ve\/index.php?rest_route=\/wp\/v2\/posts\/89006\/revisions"}],"predecessor-version":[{"id":89010,"href":"https:\/\/mppee.gob.ve\/index.php?rest_route=\/wp\/v2\/posts\/89006\/revisions\/89010"}],"wp:featuredmedia":[{"embeddable":true,"href":"https:\/\/mppee.gob.ve\/index.php?rest_route=\/wp\/v2\/media\/89008"}],"wp:attachment":[{"href":"https:\/\/mppee.gob.ve\/index.php?rest_route=%2Fwp%2Fv2%2Fmedia&parent=89006"}],"wp:term":[{"taxonomy":"category","embeddable":true,"href":"https:\/\/mppee.gob.ve\/index.php?rest_route=%2Fwp%2Fv2%2Fcategories&post=89006"},{"taxonomy":"post_tag","embeddable":true,"href":"https:\/\/mppee.gob.ve\/index.php?rest_route=%2Fwp%2Fv2%2Ftags&post=89006"}],"curies":[{"name":"wp","href":"https:\/\/api.w.org\/{rel}","templated":true}]}}