{"id":89011,"date":"2023-04-15T14:05:39","date_gmt":"2023-04-15T14:05:39","guid":{"rendered":"http:\/\/10.200.87.50\/mppee\/?p=89011"},"modified":"2023-04-17T14:06:57","modified_gmt":"2023-04-17T14:06:57","slug":"mantenimiento-a-la-subestacion-tinaco-115-kv-favorece-a-mas-de-30-mil-usuarios","status":"publish","type":"post","link":"https:\/\/mppee.gob.ve\/?p=89011","title":{"rendered":"Mantenimiento a la Subestaci\u00f3n Tinaco 115 kV favorece a m\u00e1s de 30 mil usuarios"},"content":{"rendered":"\n<p>Prensa&nbsp; Corpoelec \u2013 (15\/04\/2023)- En el estado <strong>Cojedes<\/strong>, la fuerza trabajadora de la <strong>Corporaci\u00f3n El\u00e9ctrica Nacional (Corpoelec)<\/strong>\nadscrita a la <strong>Gerencia de Transmisi\u00f3n<\/strong>,\nefectu\u00f3 maniobras correctivas y preventivas que mejoran el <strong>suministro de electricidad<\/strong> ofrecido a m\u00e1s de 30 mil habitantes del <strong>municipio Tinaco.<\/strong><\/p>\n\n\n\n<p>El trabajador de la Estatal\nel\u00e9ctrica, <strong>Rafael Tovar<\/strong>, explic\u00f3 que\nestas labores consistieron en el ajuste de torniller\u00eda de los conectores,\nlubricaci\u00f3n de los equipos asociados a la barra \u00fanica, limpieza de aisladores,\nadecuaci\u00f3n de conexiones del transformador tipo m\u00f3vil de 36 MVA y la revisi\u00f3n\nde los par\u00e1metros en las bater\u00edas de los Servicios Auxiliares de Corriente\nContinua (SACC)\u201d<\/p>\n\n\n\n<p>Al mismo tiempo, Tovar resalt\u00f3\nque los trabajadores, t\u00e9cnicos e ingenieros de <strong>Corpoelec<\/strong> aportan sus conocimientos y experiencias para avanzar en\nel <strong>fortalecimiento<\/strong> del <strong>Sistema El\u00e9ctrico Nacional (SEN).<\/strong><\/p>\n\n\n\n<p>Estos trabajos forman parte del <strong>Plan de Mantenimiento y Adecuaci\u00f3n de\nSubestaciones El\u00e9ctricas<\/strong>, que tiene por objetivo conservar las\ninstalaciones estrat\u00e9gicas del SEN&nbsp; para\ngarantizar un suministro de energ\u00eda confiable y eficiente a la poblaci\u00f3n\nvenezolana.<\/p>\n\n\n\n<p>Prensa Corpoelec Cojedes<\/p>\n","protected":false},"excerpt":{"rendered":"<p>Prensa&nbsp; Corpoelec \u2013 (15\/04\/2023)- En el estado Cojedes, la fuerza trabajadora de la Corporaci\u00f3n El\u00e9ctrica Nacional (Corpoelec) adscrita a la<\/p>\n","protected":false},"author":22,"featured_media":89012,"comment_status":"open","ping_status":"open","sticky":false,"template":"","format":"standard","meta":{"footnotes":""},"categories":[30],"tags":[],"class_list":["post-89011","post","type-post","status-publish","format-standard","has-post-thumbnail","hentry","category-regionales"],"_links":{"self":[{"href":"https:\/\/mppee.gob.ve\/index.php?rest_route=\/wp\/v2\/posts\/89011","targetHints":{"allow":["GET"]}}],"collection":[{"href":"https:\/\/mppee.gob.ve\/index.php?rest_route=\/wp\/v2\/posts"}],"about":[{"href":"https:\/\/mppee.gob.ve\/index.php?rest_route=\/wp\/v2\/types\/post"}],"author":[{"embeddable":true,"href":"https:\/\/mppee.gob.ve\/index.php?rest_route=\/wp\/v2\/users\/22"}],"replies":[{"embeddable":true,"href":"https:\/\/mppee.gob.ve\/index.php?rest_route=%2Fwp%2Fv2%2Fcomments&post=89011"}],"version-history":[{"count":1,"href":"https:\/\/mppee.gob.ve\/index.php?rest_route=\/wp\/v2\/posts\/89011\/revisions"}],"predecessor-version":[{"id":89013,"href":"https:\/\/mppee.gob.ve\/index.php?rest_route=\/wp\/v2\/posts\/89011\/revisions\/89013"}],"wp:featuredmedia":[{"embeddable":true,"href":"https:\/\/mppee.gob.ve\/index.php?rest_route=\/wp\/v2\/media\/89012"}],"wp:attachment":[{"href":"https:\/\/mppee.gob.ve\/index.php?rest_route=%2Fwp%2Fv2%2Fmedia&parent=89011"}],"wp:term":[{"taxonomy":"category","embeddable":true,"href":"https:\/\/mppee.gob.ve\/index.php?rest_route=%2Fwp%2Fv2%2Fcategories&post=89011"},{"taxonomy":"post_tag","embeddable":true,"href":"https:\/\/mppee.gob.ve\/index.php?rest_route=%2Fwp%2Fv2%2Ftags&post=89011"}],"curies":[{"name":"wp","href":"https:\/\/api.w.org\/{rel}","templated":true}]}}