{"id":89014,"date":"2023-04-17T15:24:19","date_gmt":"2023-04-17T15:24:19","guid":{"rendered":"http:\/\/10.200.87.50\/mppee\/?p=89014"},"modified":"2023-04-17T15:24:21","modified_gmt":"2023-04-17T15:24:21","slug":"ministerio-para-la-energia-electrica-mostro-avances-del-sector-en-la-expo-gobierno-2023","status":"publish","type":"post","link":"https:\/\/mppee.gob.ve\/?p=89014","title":{"rendered":"Ministerio para la Energ\u00eda El\u00e9ctrica mostr\u00f3 avances del sector en la Expo Gobierno 2023"},"content":{"rendered":"\n<p>Prensa Corpoelec \u2013 (Caracas\n16\/04\/2023).\u2013 &nbsp;En el tercer y \u00faltimo d\u00eda\nde la <strong>Expo Gobierno 2023<\/strong>, la <strong>viceministra para la Articulaci\u00f3n y la\nParticipaci\u00f3n Social en el Servicio El\u00e9ctrico, Nuris Perozo,<\/strong> resalt\u00f3 los\navances logrados en los 10 a\u00f1os de Gobierno y de buena gesti\u00f3n del <strong>presidente, Nicol\u00e1s Maduro<\/strong>, en el <strong>Sistema El\u00e9ctrico Nacional (SEN).<\/strong><\/p>\n\n\n\n<p>\u201cEl <strong>Vicepresidente Sectorial de Obras Publicas y Servicios, y ministro del\nPoder Popular para la Energ\u00eda El\u00e9ctrica, G\/J N\u00e9stor Reverol,<\/strong> siempre al\nfrente con su fuerza trabajadora, ha logrado dirigir una pol\u00edtica de bienestar\npara poder consolidar el <strong>SEN<\/strong>\u201d,\ndestac\u00f3 Perozo en Venezolana de Televisi\u00f3n (VTV), donde agreg\u00f3 tambi\u00e9n que, \u201chemos\nincrementado la capacidad de formaci\u00f3n e inventiva de nuestra fuerza\ntrabajadora\u201d.<\/p>\n\n\n\n<p>Se ha logrado en estos 10 a\u00f1os de\nGobierno, la creaci\u00f3n de talleres de recuperaci\u00f3n y producci\u00f3n de\ntransformadores en cada una de las regiones del pa\u00eds, los cuales han ayudado a\ndar una respuesta r\u00e1pida a los requerimientos hechos por las comunidades en la\naplicaci\u00f3n VenApp <\/p>\n\n\n\n<p>Igualmente,&nbsp; mencion\u00f3 los sistemas de <strong>generaci\u00f3n fotovoltaica<\/strong> y de aerogeneradores como <strong>energ\u00eda alternativa<\/strong>, teniendo en\nconsideraci\u00f3n que actualmente la naci\u00f3n depende en gran medida de la energ\u00eda\nhidroel\u00e9ctrica generada en el estado Bol\u00edvar.<\/p>\n\n\n\n<p>\u201cAhora estamos avanzando en los\nsistemas de aerogeneradores y fotovoltaicos, dando alternativas a aquellas\npoblaciones vulnerables, comunidades rurales alejadas, que no tienen acceso al\nSEN\u201d, detall\u00f3 Perezo.<\/p>\n\n\n\n<p>Tambi\u00e9n se mostr\u00f3 la <strong>fabricaci\u00f3n de bombillos de tecnolog\u00eda LED<\/strong>,\nlas \u00e1reas de comercializaci\u00f3n y su <strong>Plan \u201cBorr\u00f3n\ny Cuenta Nueva\u201d<\/strong>, la campa\u00f1a comunicacional <strong>\u201cActiva la Conciencia, con Energ\u00eda y Eficiencia\u201d<\/strong> y, por \u00faltimo, el <strong>Sistema 1&#215;10 del Buen Gobierno<\/strong>, que ha\nsido una gran ayuda para la atenci\u00f3n inmediata de las aver\u00edas e inconvenientes\nen el <strong>SEN.<\/strong><\/p>\n\n\n\n<p>\u201cNosotros seguimos avanzando, e\ninvitamos a toda la poblaci\u00f3n en general, para que vea los procesos de trabajo\ndel <strong>Mppee<\/strong> y sus distintos entes, que\ntenemos distintos procesos al servicio del Poder Popular, y que podemos\ninteractuar con aquellas comunidades que tenga una inquietud\u201d, manifest\u00f3.<\/p>\n\n\n\n<p>Prensa Corpoelec \u2013 Caracas<\/p>\n","protected":false},"excerpt":{"rendered":"<p>Prensa Corpoelec \u2013 (Caracas 16\/04\/2023).\u2013 &nbsp;En el tercer y \u00faltimo d\u00eda de la Expo Gobierno 2023, la viceministra para la<\/p>\n","protected":false},"author":22,"featured_media":89017,"comment_status":"open","ping_status":"open","sticky":false,"template":"","format":"standard","meta":{"footnotes":""},"categories":[15],"tags":[],"class_list":["post-89014","post","type-post","status-publish","format-standard","has-post-thumbnail","hentry","category-nacionales"],"_links":{"self":[{"href":"https:\/\/mppee.gob.ve\/index.php?rest_route=\/wp\/v2\/posts\/89014","targetHints":{"allow":["GET"]}}],"collection":[{"href":"https:\/\/mppee.gob.ve\/index.php?rest_route=\/wp\/v2\/posts"}],"about":[{"href":"https:\/\/mppee.gob.ve\/index.php?rest_route=\/wp\/v2\/types\/post"}],"author":[{"embeddable":true,"href":"https:\/\/mppee.gob.ve\/index.php?rest_route=\/wp\/v2\/users\/22"}],"replies":[{"embeddable":true,"href":"https:\/\/mppee.gob.ve\/index.php?rest_route=%2Fwp%2Fv2%2Fcomments&post=89014"}],"version-history":[{"count":1,"href":"https:\/\/mppee.gob.ve\/index.php?rest_route=\/wp\/v2\/posts\/89014\/revisions"}],"predecessor-version":[{"id":89018,"href":"https:\/\/mppee.gob.ve\/index.php?rest_route=\/wp\/v2\/posts\/89014\/revisions\/89018"}],"wp:featuredmedia":[{"embeddable":true,"href":"https:\/\/mppee.gob.ve\/index.php?rest_route=\/wp\/v2\/media\/89017"}],"wp:attachment":[{"href":"https:\/\/mppee.gob.ve\/index.php?rest_route=%2Fwp%2Fv2%2Fmedia&parent=89014"}],"wp:term":[{"taxonomy":"category","embeddable":true,"href":"https:\/\/mppee.gob.ve\/index.php?rest_route=%2Fwp%2Fv2%2Fcategories&post=89014"},{"taxonomy":"post_tag","embeddable":true,"href":"https:\/\/mppee.gob.ve\/index.php?rest_route=%2Fwp%2Fv2%2Ftags&post=89014"}],"curies":[{"name":"wp","href":"https:\/\/api.w.org\/{rel}","templated":true}]}}