{"id":89035,"date":"2023-04-21T21:48:58","date_gmt":"2023-04-21T21:48:58","guid":{"rendered":"http:\/\/10.200.87.50\/mppee\/?p=89035"},"modified":"2023-04-21T21:48:59","modified_gmt":"2023-04-21T21:48:59","slug":"autoridades-evaluan-estrategias-que-se-desarrollan-en-las-diferentes-areas-medulares-del-sen","status":"publish","type":"post","link":"https:\/\/mppee.gob.ve\/?p=89035","title":{"rendered":"Autoridades eval\u00faan estrategias que se desarrollan en las diferentes \u00e1reas medulares del SEN"},"content":{"rendered":"\n<p>Prensa Mppee \u2013 (Caracas\n21\/04\/2023).- El <strong>vicepresidente\nSectorial de Obras P\u00fablicas y Servicios, G\/J, N\u00e9stor Reverol<\/strong>, lider\u00f3 este\nviernes un directorio ampliado &nbsp;de\ntrabajo con los <strong>Gerentes Territoriales\nde la Corporaci\u00f3n El\u00e9ctrica Nacional (Corpoelec)<\/strong> donde se evaluaron las\nestrategias que se desarrollan en las diferentes \u00e1reas medulares del <strong>Sistema El\u00e9ctrico Nacional (SEN).<\/strong><\/p>\n\n\n\n<p>En ese sentido, el General en\nJefe destac\u00f3 que durante el encuentro se debati\u00f3 el <strong>Plan de Trabajo<\/strong> en materia de comercializaci\u00f3n donde los <strong>Gerentes Territoriales<\/strong> tienen un papel\ndeterminante para continuar estabilizando el servicio el\u00e9ctrico.<\/p>\n\n\n\n<p>El tambi\u00e9n <strong>Ministro del Poder Popular para la Energ\u00eda El\u00e9ctrica<\/strong> afirm\u00f3 que\nigualmente se discuti\u00f3 sobre los&nbsp;\nproyectos de electrificaci\u00f3n, instalaci\u00f3n de luminarias,&nbsp; transformadores y el plan pica y poda que son\nlas principales solicitudes de los ciudadanos a trav\u00e9s de la plataforma <strong>Ven App<\/strong> y el Sistema <strong>1&#215;10 del Buen Gobierno.<\/strong><\/p>\n\n\n\n<p>\u201cNuestro objetivo es consolidar\nel servicio el\u00e9ctrico en todo el pa\u00eds y para ello tenemos una voluntad\ninquebrantable. \u00a1Seguimos venciendo!\u201d, concluy\u00f3 Reverol.<\/p>\n\n\n\n<p>PRENSA MPPEE\/ Jeimy Avenda\u00f1o<\/p>\n","protected":false},"excerpt":{"rendered":"<p>Prensa Mppee \u2013 (Caracas 21\/04\/2023).- El vicepresidente Sectorial de Obras P\u00fablicas y Servicios, G\/J, N\u00e9stor Reverol, lider\u00f3 este viernes un<\/p>\n","protected":false},"author":22,"featured_media":89036,"comment_status":"open","ping_status":"open","sticky":false,"template":"","format":"standard","meta":{"footnotes":""},"categories":[15],"tags":[],"class_list":["post-89035","post","type-post","status-publish","format-standard","has-post-thumbnail","hentry","category-nacionales"],"_links":{"self":[{"href":"https:\/\/mppee.gob.ve\/index.php?rest_route=\/wp\/v2\/posts\/89035","targetHints":{"allow":["GET"]}}],"collection":[{"href":"https:\/\/mppee.gob.ve\/index.php?rest_route=\/wp\/v2\/posts"}],"about":[{"href":"https:\/\/mppee.gob.ve\/index.php?rest_route=\/wp\/v2\/types\/post"}],"author":[{"embeddable":true,"href":"https:\/\/mppee.gob.ve\/index.php?rest_route=\/wp\/v2\/users\/22"}],"replies":[{"embeddable":true,"href":"https:\/\/mppee.gob.ve\/index.php?rest_route=%2Fwp%2Fv2%2Fcomments&post=89035"}],"version-history":[{"count":1,"href":"https:\/\/mppee.gob.ve\/index.php?rest_route=\/wp\/v2\/posts\/89035\/revisions"}],"predecessor-version":[{"id":89037,"href":"https:\/\/mppee.gob.ve\/index.php?rest_route=\/wp\/v2\/posts\/89035\/revisions\/89037"}],"wp:featuredmedia":[{"embeddable":true,"href":"https:\/\/mppee.gob.ve\/index.php?rest_route=\/wp\/v2\/media\/89036"}],"wp:attachment":[{"href":"https:\/\/mppee.gob.ve\/index.php?rest_route=%2Fwp%2Fv2%2Fmedia&parent=89035"}],"wp:term":[{"taxonomy":"category","embeddable":true,"href":"https:\/\/mppee.gob.ve\/index.php?rest_route=%2Fwp%2Fv2%2Fcategories&post=89035"},{"taxonomy":"post_tag","embeddable":true,"href":"https:\/\/mppee.gob.ve\/index.php?rest_route=%2Fwp%2Fv2%2Ftags&post=89035"}],"curies":[{"name":"wp","href":"https:\/\/api.w.org\/{rel}","templated":true}]}}