{"id":89040,"date":"2023-04-25T01:30:00","date_gmt":"2023-04-25T01:30:00","guid":{"rendered":"http:\/\/10.200.87.50\/mppee\/?p=89040"},"modified":"2023-04-26T11:34:18","modified_gmt":"2023-04-26T11:34:18","slug":"evaluan-procesos-de-mantenimiento-y-recaudacion-del-sen","status":"publish","type":"post","link":"https:\/\/mppee.gob.ve\/?p=89040","title":{"rendered":"Eval\u00faan procesos de mantenimiento y recaudaci\u00f3n del SEN"},"content":{"rendered":"<p style=\"text-align: justify;\"><img loading=\"lazy\" decoding=\"async\" class=\"size-medium wp-image-89041 alignleft\" src=\"http:\/\/10.200.87.50\/mppee\/wp-content\/uploads\/2023\/04\/Eval\u00faan-procesos-de-mantenimiento-y-recaudaci\u00f3n-del-SEN-7-300x206.jpeg\" alt=\"\" width=\"300\" height=\"206\" srcset=\"https:\/\/mppee.gob.ve\/wp-content\/uploads\/2023\/04\/Eval\u00faan-procesos-de-mantenimiento-y-recaudaci\u00f3n-del-SEN-7-300x206.jpeg 300w, https:\/\/mppee.gob.ve\/wp-content\/uploads\/2023\/04\/Eval\u00faan-procesos-de-mantenimiento-y-recaudaci\u00f3n-del-SEN-7-1024x703.jpeg 1024w, https:\/\/mppee.gob.ve\/wp-content\/uploads\/2023\/04\/Eval\u00faan-procesos-de-mantenimiento-y-recaudaci\u00f3n-del-SEN-7-768x527.jpeg 768w, https:\/\/mppee.gob.ve\/wp-content\/uploads\/2023\/04\/Eval\u00faan-procesos-de-mantenimiento-y-recaudaci\u00f3n-del-SEN-7-130x90.jpeg 130w, https:\/\/mppee.gob.ve\/wp-content\/uploads\/2023\/04\/Eval\u00faan-procesos-de-mantenimiento-y-recaudaci\u00f3n-del-SEN-7.jpeg 1080w\" sizes=\"auto, (max-width: 300px) 100vw, 300px\" \/>El vicepresidente Sectorial de Obras P\u00fablicas y Servicios, G\/J N\u00e9stor Reverol, sostuvo una reuni\u00f3n este martes con Viceministros, Directores, Gerentes Generales y Presidentes de entes adscritos al Ministerio del Poder Popular para la Energ\u00eda El\u00e9ctrica (Mppee).<\/p>\n<p style=\"text-align: justify;\">En el encuentro, que se llev\u00f3 a cabo en la sede de la cartera energ\u00e9tica ubicada en Caracas, se evaluaron los procesos de mantenimiento y recaudaci\u00f3n del Sistema El\u00e9ctrico Nacional (SEN).<\/p>\n<p style=\"text-align: justify;\"><strong>\u201cNuestro trabajo en el sector el\u00e9ctrico se mide por resultados, y en estos tiempos de bloqueo econ\u00f3mico cuando debemos hacer mucho con pocos recursos, contamos con la inventiva de los trabajadores, especialmente en el \u00e1rea de mantenimiento de la infraestructura el\u00e9ctrica que es un \u00e1rea medular para su \u00f3ptimo funcionamiento\u201d,<\/strong> enfatiz\u00f3.<\/p>\n<p style=\"text-align: justify;\">Asimismo, conversaron sobre el Plan Borr\u00f3n y Cuenta Nueva, el cual iniciar\u00e1 en mayo en los estados Falc\u00f3n, Lara, Trujillo, M\u00e9rida y T\u00e1chira, con el fin de avanzar en la recaudaci\u00f3n que permitir\u00e1 mejorar a\u00fan m\u00e1s el SEN en estas entidades.<\/p>\n<p style=\"text-align: justify;\"><strong><img loading=\"lazy\" decoding=\"async\" class=\"size-medium wp-image-89042 alignright\" src=\"http:\/\/10.200.87.50\/mppee\/wp-content\/uploads\/2023\/04\/Eval\u00faan-procesos-de-mantenimiento-y-recaudaci\u00f3n-del-SEN-13-300x239.jpeg\" alt=\"\" width=\"300\" height=\"239\" srcset=\"https:\/\/mppee.gob.ve\/wp-content\/uploads\/2023\/04\/Eval\u00faan-procesos-de-mantenimiento-y-recaudaci\u00f3n-del-SEN-13-300x239.jpeg 300w, https:\/\/mppee.gob.ve\/wp-content\/uploads\/2023\/04\/Eval\u00faan-procesos-de-mantenimiento-y-recaudaci\u00f3n-del-SEN-13-1024x816.jpeg 1024w, https:\/\/mppee.gob.ve\/wp-content\/uploads\/2023\/04\/Eval\u00faan-procesos-de-mantenimiento-y-recaudaci\u00f3n-del-SEN-13-768x612.jpeg 768w, https:\/\/mppee.gob.ve\/wp-content\/uploads\/2023\/04\/Eval\u00faan-procesos-de-mantenimiento-y-recaudaci\u00f3n-del-SEN-13.jpeg 1080w\" sizes=\"auto, (max-width: 300px) 100vw, 300px\" \/>\u201c\u00a1Nos mantenemos en pie de lucha para fortalecer el Sistema El\u00e9ctrico Nacional!\u201d,<\/strong> puntualiz\u00f3 Reverol.<\/p>\n<p style=\"text-align: justify;\"><em><strong>Bienestar de la fuerza trabajadora<\/strong><\/em><\/p>\n<p style=\"text-align: justify;\">Durante la reuni\u00f3n, el tambi\u00e9n titular del Mppee revis\u00f3 junto a su equipo de trabajo lo concerniente al bienestar de la fuerza trabajadora en materia de alimentaci\u00f3n con los comedores de las sedes de la instituci\u00f3n.<\/p>\n<p style=\"text-align: justify;\">As\u00ed como los nuevos procesos desarrollados por el Fondo Autoadministrado de Salud del Ministerio de Energ\u00eda El\u00e9ctrica (Fasmee).<\/p>\n<p style=\"text-align: justify;\"><strong>Prensa Mppee<\/strong><\/p>\n","protected":false},"excerpt":{"rendered":"<p>El vicepresidente Sectorial de Obras P\u00fablicas y Servicios, G\/J N\u00e9stor Reverol, sostuvo una reuni\u00f3n este martes con Viceministros, Directores, Gerentes<\/p>\n","protected":false},"author":12,"featured_media":89043,"comment_status":"open","ping_status":"open","sticky":false,"template":"","format":"standard","meta":{"footnotes":""},"categories":[15],"tags":[11],"class_list":["post-89040","post","type-post","status-publish","format-standard","has-post-thumbnail","hentry","category-nacionales","tag-mppee"],"_links":{"self":[{"href":"https:\/\/mppee.gob.ve\/index.php?rest_route=\/wp\/v2\/posts\/89040","targetHints":{"allow":["GET"]}}],"collection":[{"href":"https:\/\/mppee.gob.ve\/index.php?rest_route=\/wp\/v2\/posts"}],"about":[{"href":"https:\/\/mppee.gob.ve\/index.php?rest_route=\/wp\/v2\/types\/post"}],"author":[{"embeddable":true,"href":"https:\/\/mppee.gob.ve\/index.php?rest_route=\/wp\/v2\/users\/12"}],"replies":[{"embeddable":true,"href":"https:\/\/mppee.gob.ve\/index.php?rest_route=%2Fwp%2Fv2%2Fcomments&post=89040"}],"version-history":[{"count":1,"href":"https:\/\/mppee.gob.ve\/index.php?rest_route=\/wp\/v2\/posts\/89040\/revisions"}],"predecessor-version":[{"id":89044,"href":"https:\/\/mppee.gob.ve\/index.php?rest_route=\/wp\/v2\/posts\/89040\/revisions\/89044"}],"wp:featuredmedia":[{"embeddable":true,"href":"https:\/\/mppee.gob.ve\/index.php?rest_route=\/wp\/v2\/media\/89043"}],"wp:attachment":[{"href":"https:\/\/mppee.gob.ve\/index.php?rest_route=%2Fwp%2Fv2%2Fmedia&parent=89040"}],"wp:term":[{"taxonomy":"category","embeddable":true,"href":"https:\/\/mppee.gob.ve\/index.php?rest_route=%2Fwp%2Fv2%2Fcategories&post=89040"},{"taxonomy":"post_tag","embeddable":true,"href":"https:\/\/mppee.gob.ve\/index.php?rest_route=%2Fwp%2Fv2%2Ftags&post=89040"}],"curies":[{"name":"wp","href":"https:\/\/api.w.org\/{rel}","templated":true}]}}