{"id":89059,"date":"2023-04-28T22:39:48","date_gmt":"2023-04-28T22:39:48","guid":{"rendered":"http:\/\/10.200.87.50\/mppee\/?p=89059"},"modified":"2023-04-28T22:39:49","modified_gmt":"2023-04-28T22:39:49","slug":"avanza-plan-especial-de-recuperacion-de-vias-y-puentes-en-la-region-los-andes","status":"publish","type":"post","link":"https:\/\/mppee.gob.ve\/?p=89059","title":{"rendered":"Avanza plan especial de recuperaci\u00f3n de v\u00edas y puentes en la regi\u00f3n Los Andes"},"content":{"rendered":"\n<p><strong>Prensa VPSOPS (28\/04\/2023).-<\/strong> Como parte del <strong>Plan especial de Recuperaci\u00f3n de v\u00edas y puentes<\/strong> se crear\u00e1 una <strong>Fuerza de Tarea de Infraestructura y un\nPlan Maestro de Atenci\u00f3n<\/strong>, con el fin de mitigar los riesgos durante esta\ntemporada lluviosa en la regi\u00f3n andina.<\/p>\n\n\n\n<p>La informaci\u00f3n la dio a conocer\nel <strong>vicepresidente Sectorial de Obras\nP\u00fabicas y Servicios, G\/J N\u00e9stor Reverol<\/strong>, tras sostener un encuentro de\ntrabajo con el <strong>Gobernador del estado M\u00e9rida\nJehyson Guzm\u00e1n<\/strong> y representantes de los gabinetes regionales de T\u00e1chira y\nTrujillo.<\/p>\n\n\n\n<p>El General en Jefe explic\u00f3 que la\nfuerza trabajadora en materia de <strong>servicios\np\u00fablicos<\/strong> se desplegar\u00e1 en los cinco ejes territoriales de la entidad\nmeride\u00f1a, para ocuparse de las estructuras viales y atender posibles\nsituaciones de riesgo. <\/p>\n\n\n\n<p>\u201cPosteriormente, atenderemos a\nlos estados <strong>Trujillo y T\u00e1chira<\/strong>,\ndonde tambi\u00e9n estaremos en constante vigilancia ante las situaciones\nsobrevenidas por efecto de las lluvias\u201d, asever\u00f3.<\/p>\n\n\n\n<p>Asimismo, agreg\u00f3 que impulsar\u00e1n\nun <strong>Plan de Evacuaci\u00f3n <\/strong>de la mano con\nProtecci\u00f3n Civil para identificar rutas de emergencias, v\u00edas alternas y zonas\nseguras para garantizar la vida de los residentes.<\/p>\n\n\n\n<p>\u201cCuenten ustedes con el apoyo de\nnosotros, nos mantendremos en acci\u00f3n permanente desde la <strong>Vicepresidencia Sectorial de Obras P\u00fablicas y Servicios<\/strong> para la\natenci\u00f3n de nuestro pueblo\u201d, finaliz\u00f3.<\/p>\n\n\n\n<p>Prensa VPSOPS \/ Maikel Reyes<\/p>\n","protected":false},"excerpt":{"rendered":"<p>Prensa VPSOPS (28\/04\/2023).- Como parte del Plan especial de Recuperaci\u00f3n de v\u00edas y puentes se crear\u00e1 una Fuerza de Tarea<\/p>\n","protected":false},"author":22,"featured_media":89060,"comment_status":"open","ping_status":"open","sticky":false,"template":"","format":"standard","meta":{"footnotes":""},"categories":[15],"tags":[],"class_list":["post-89059","post","type-post","status-publish","format-standard","has-post-thumbnail","hentry","category-nacionales"],"_links":{"self":[{"href":"https:\/\/mppee.gob.ve\/index.php?rest_route=\/wp\/v2\/posts\/89059","targetHints":{"allow":["GET"]}}],"collection":[{"href":"https:\/\/mppee.gob.ve\/index.php?rest_route=\/wp\/v2\/posts"}],"about":[{"href":"https:\/\/mppee.gob.ve\/index.php?rest_route=\/wp\/v2\/types\/post"}],"author":[{"embeddable":true,"href":"https:\/\/mppee.gob.ve\/index.php?rest_route=\/wp\/v2\/users\/22"}],"replies":[{"embeddable":true,"href":"https:\/\/mppee.gob.ve\/index.php?rest_route=%2Fwp%2Fv2%2Fcomments&post=89059"}],"version-history":[{"count":1,"href":"https:\/\/mppee.gob.ve\/index.php?rest_route=\/wp\/v2\/posts\/89059\/revisions"}],"predecessor-version":[{"id":89061,"href":"https:\/\/mppee.gob.ve\/index.php?rest_route=\/wp\/v2\/posts\/89059\/revisions\/89061"}],"wp:featuredmedia":[{"embeddable":true,"href":"https:\/\/mppee.gob.ve\/index.php?rest_route=\/wp\/v2\/media\/89060"}],"wp:attachment":[{"href":"https:\/\/mppee.gob.ve\/index.php?rest_route=%2Fwp%2Fv2%2Fmedia&parent=89059"}],"wp:term":[{"taxonomy":"category","embeddable":true,"href":"https:\/\/mppee.gob.ve\/index.php?rest_route=%2Fwp%2Fv2%2Fcategories&post=89059"},{"taxonomy":"post_tag","embeddable":true,"href":"https:\/\/mppee.gob.ve\/index.php?rest_route=%2Fwp%2Fv2%2Ftags&post=89059"}],"curies":[{"name":"wp","href":"https:\/\/api.w.org\/{rel}","templated":true}]}}