{"id":89067,"date":"2023-05-03T00:10:49","date_gmt":"2023-05-03T00:10:49","guid":{"rendered":"http:\/\/10.200.87.50\/mppee\/?p=89067"},"modified":"2023-05-03T00:11:29","modified_gmt":"2023-05-03T00:11:29","slug":"89067","status":"publish","type":"post","link":"https:\/\/mppee.gob.ve\/?p=89067","title":{"rendered":"Vicepresidencia Sectorial de Obras P\u00fablicas y Servicios crea Fuerza de Tarea Andes 2023"},"content":{"rendered":"\n<p>Prensa Vpsops \u2013 (Caracas\n02\/05\/2023).- Este martes, el <strong>vicepresidente\nSectorial de Obras P\u00fablicas y Servicios, G\/J N\u00e9stor Reverol<\/strong>, evalu\u00f3 con los\ngobernadores <strong>Jehyson Guzm\u00e1n (M\u00e9rida),\nGerardo M\u00e1rquez (Trujillo) y Freddy Bernal (T\u00e1chira),<\/strong> el <strong>Plan Maestro de Atenci\u00f3n<\/strong> ante las\nsituaciones sobrevenidas por efecto del periodo de lluvias.<\/p>\n\n\n\n<p>Dentro de este plan se conformar\u00e1\n<strong>\u201cla Fuerza de Tarea Andes 2023<\/strong>,\ndividida en dos \u00e1reas, la humanitaria para atender todo lo concerniente a\ngesti\u00f3n de riesgo y otra de infraestructura para la <strong>evaluaci\u00f3n del sistema vial<\/strong>\u201d, indic\u00f3 Reverol, desde la sede del\nMinisterio del Poder Popular para la Energ\u00eda El\u00e9ctrica (Mppee), en Caracas.<\/p>\n\n\n\n<p>Mencion\u00f3 que tambi\u00e9n crear\u00e1n la <strong>Fuerza de Tarea<\/strong> por cada eje\nterritorial en dichas entidades, donde trabajar\u00e1n en conjunto Gobierno\nnacional, regional, municipal y local, a trav\u00e9s de los consejos comunales. <\/p>\n\n\n\n<p>\u201cA este grupo se suma la <strong>Fuerza Armada Nacional Bolivariana<\/strong> y\nlos organismos de seguridad del Estado\u201d, agreg\u00f3 Reverol. <\/p>\n\n\n\n<p><strong>Comit\u00e9 T\u00e9cnico-Cient\u00edfico<\/strong><\/p>\n\n\n\n<p>El tambi\u00e9n <strong>ministro del Mppee<\/strong> inform\u00f3 que durante el encuentro acordaron la\nconformaci\u00f3n de un Comit\u00e9 T\u00e9cnico-Cient\u00edfico de Evaluaci\u00f3n de la Crisis del Cambio\nClim\u00e1tico, con el fin de estudiar todos los proyectos vinculados a las cuencas\ny afluentes de las entidades andinas.<\/p>\n\n\n\n<p>\u201c\u00a1Nos mantendremos en acci\u00f3n\npermanente para atender a nuestro pueblo!\u201d, enfatiz\u00f3 Reverol. <\/p>\n\n\n\n<p>Prensa Vpsops <\/p>\n","protected":false},"excerpt":{"rendered":"<p>Prensa Vpsops \u2013 (Caracas 02\/05\/2023).- Este martes, el vicepresidente Sectorial de Obras P\u00fablicas y Servicios, G\/J N\u00e9stor Reverol, evalu\u00f3 con<\/p>\n","protected":false},"author":22,"featured_media":89068,"comment_status":"open","ping_status":"open","sticky":false,"template":"","format":"standard","meta":{"footnotes":""},"categories":[15],"tags":[],"class_list":["post-89067","post","type-post","status-publish","format-standard","has-post-thumbnail","hentry","category-nacionales"],"_links":{"self":[{"href":"https:\/\/mppee.gob.ve\/index.php?rest_route=\/wp\/v2\/posts\/89067","targetHints":{"allow":["GET"]}}],"collection":[{"href":"https:\/\/mppee.gob.ve\/index.php?rest_route=\/wp\/v2\/posts"}],"about":[{"href":"https:\/\/mppee.gob.ve\/index.php?rest_route=\/wp\/v2\/types\/post"}],"author":[{"embeddable":true,"href":"https:\/\/mppee.gob.ve\/index.php?rest_route=\/wp\/v2\/users\/22"}],"replies":[{"embeddable":true,"href":"https:\/\/mppee.gob.ve\/index.php?rest_route=%2Fwp%2Fv2%2Fcomments&post=89067"}],"version-history":[{"count":2,"href":"https:\/\/mppee.gob.ve\/index.php?rest_route=\/wp\/v2\/posts\/89067\/revisions"}],"predecessor-version":[{"id":89071,"href":"https:\/\/mppee.gob.ve\/index.php?rest_route=\/wp\/v2\/posts\/89067\/revisions\/89071"}],"wp:featuredmedia":[{"embeddable":true,"href":"https:\/\/mppee.gob.ve\/index.php?rest_route=\/wp\/v2\/media\/89068"}],"wp:attachment":[{"href":"https:\/\/mppee.gob.ve\/index.php?rest_route=%2Fwp%2Fv2%2Fmedia&parent=89067"}],"wp:term":[{"taxonomy":"category","embeddable":true,"href":"https:\/\/mppee.gob.ve\/index.php?rest_route=%2Fwp%2Fv2%2Fcategories&post=89067"},{"taxonomy":"post_tag","embeddable":true,"href":"https:\/\/mppee.gob.ve\/index.php?rest_route=%2Fwp%2Fv2%2Ftags&post=89067"}],"curies":[{"name":"wp","href":"https:\/\/api.w.org\/{rel}","templated":true}]}}