{"id":89072,"date":"2023-05-04T00:16:40","date_gmt":"2023-05-04T00:16:40","guid":{"rendered":"http:\/\/10.200.87.50\/mppee\/?p=89072"},"modified":"2023-05-04T00:16:41","modified_gmt":"2023-05-04T00:16:41","slug":"autoridades-evaluaron-sistema-operativo-de-areas-medulares-del-sen","status":"publish","type":"post","link":"https:\/\/mppee.gob.ve\/?p=89072","title":{"rendered":"Autoridades evaluaron sistema operativo de \u00e1reas medulares del SEN"},"content":{"rendered":"\n<p>Prensa Mppee &#8211; (Caracas 03\/05\/2023).- El <strong>vicepresidente Sectorial de Obras P\u00fablicas\ny Servicios, G\/J N\u00e9stor Reverol,<\/strong> evalu\u00f3 el <strong>sistema operativo<\/strong> que comprende <strong>Generaci\u00f3n, Transmisi\u00f3n, Distribuci\u00f3n y Comercializaci\u00f3n del Sistema\nEl\u00e9ctrico Nacional (SEN). <\/strong><\/p>\n\n\n\n<p>Precis\u00f3 que dicha evaluaci\u00f3n la realiz\u00f3 con el <strong>presidente de la Corporaci\u00f3n El\u00e9ctrica\nNacional (Corpoelec), Ing. Jos\u00e9 Luis Betancourt<\/strong>, Viceministros del\nMinisterio del Poder Popular para la Energ\u00eda El\u00e9ctrica (Mppee) y Gerentes\nGenerales de la corporaci\u00f3n.<\/p>\n\n\n\n<p>\u201cEvaluamos los avances en los trabajos de\nadecuaci\u00f3n de las unidades de generaci\u00f3n que permitir\u00e1n incorporar <strong>megavatios<\/strong> al <strong>SEN<\/strong> a corto plazo, especialmente hacia el centro y centro-occidente\ndel pa\u00eds\u201d, explic\u00f3 Reverol. <\/p>\n\n\n\n<p>Enfatiz\u00f3 que con estas acciones el <strong>Gobierno Bolivariano<\/strong> contin\u00faa\nfortaleciendo el sector el\u00e9ctrico en el territorio nacional. <\/p>\n\n\n\n<p>\u201cEstos compromisos adquiridos son una\ninstrucci\u00f3n de nuestro <strong>presidente\nNicol\u00e1s Maduro<\/strong>, para alcanzar victorias tempranas y cumplirle al pueblo\nvenezolano\u201d, concluy\u00f3 Reverol. <\/p>\n\n\n\n<p>Prensa Mppee \/ Aliarly Carrillo<\/p>\n","protected":false},"excerpt":{"rendered":"<p>Prensa Mppee &#8211; (Caracas 03\/05\/2023).- El vicepresidente Sectorial de Obras P\u00fablicas y Servicios, G\/J N\u00e9stor Reverol, evalu\u00f3 el sistema operativo<\/p>\n","protected":false},"author":22,"featured_media":89073,"comment_status":"open","ping_status":"open","sticky":false,"template":"","format":"standard","meta":{"footnotes":""},"categories":[15],"tags":[],"class_list":["post-89072","post","type-post","status-publish","format-standard","has-post-thumbnail","hentry","category-nacionales"],"_links":{"self":[{"href":"https:\/\/mppee.gob.ve\/index.php?rest_route=\/wp\/v2\/posts\/89072","targetHints":{"allow":["GET"]}}],"collection":[{"href":"https:\/\/mppee.gob.ve\/index.php?rest_route=\/wp\/v2\/posts"}],"about":[{"href":"https:\/\/mppee.gob.ve\/index.php?rest_route=\/wp\/v2\/types\/post"}],"author":[{"embeddable":true,"href":"https:\/\/mppee.gob.ve\/index.php?rest_route=\/wp\/v2\/users\/22"}],"replies":[{"embeddable":true,"href":"https:\/\/mppee.gob.ve\/index.php?rest_route=%2Fwp%2Fv2%2Fcomments&post=89072"}],"version-history":[{"count":1,"href":"https:\/\/mppee.gob.ve\/index.php?rest_route=\/wp\/v2\/posts\/89072\/revisions"}],"predecessor-version":[{"id":89074,"href":"https:\/\/mppee.gob.ve\/index.php?rest_route=\/wp\/v2\/posts\/89072\/revisions\/89074"}],"wp:featuredmedia":[{"embeddable":true,"href":"https:\/\/mppee.gob.ve\/index.php?rest_route=\/wp\/v2\/media\/89073"}],"wp:attachment":[{"href":"https:\/\/mppee.gob.ve\/index.php?rest_route=%2Fwp%2Fv2%2Fmedia&parent=89072"}],"wp:term":[{"taxonomy":"category","embeddable":true,"href":"https:\/\/mppee.gob.ve\/index.php?rest_route=%2Fwp%2Fv2%2Fcategories&post=89072"},{"taxonomy":"post_tag","embeddable":true,"href":"https:\/\/mppee.gob.ve\/index.php?rest_route=%2Fwp%2Fv2%2Ftags&post=89072"}],"curies":[{"name":"wp","href":"https:\/\/api.w.org\/{rel}","templated":true}]}}