{"id":89085,"date":"2023-05-06T01:06:26","date_gmt":"2023-05-06T01:06:26","guid":{"rendered":"http:\/\/10.200.87.50\/mppee\/?p=89085"},"modified":"2023-05-06T01:06:28","modified_gmt":"2023-05-06T01:06:28","slug":"reinauguran-taller-de-reparacion-de-transformadores-de-potencia-en-carabobo","status":"publish","type":"post","link":"https:\/\/mppee.gob.ve\/?p=89085","title":{"rendered":"Reinauguran Taller de Reparaci\u00f3n de Transformadores de Potencia en Carabobo"},"content":{"rendered":"\n<p>Prensa Mppee (Carabobo\n05\/05\/2023).- Este viernes, fue <strong>reinaugurado<\/strong>\nel <strong>Taller de Reparaci\u00f3n de\nTransformadores de Potencia<\/strong> en la <strong>Subestaci\u00f3n\nLa Arenosa<\/strong>, ubicada en el estado <strong>Carabobo<\/strong>,\ncon el fin de garantizar la disponibilidad de estos equipos en el <strong>Sistema El\u00e9ctrico Nacional (SEN).<\/strong> <\/p>\n\n\n\n<p>As\u00ed lo inform\u00f3 el <strong>vicepresidente sectorial de Obras P\u00fablicas\ny Servicios, G\/J N\u00e9stor Reverol,<\/strong> quien resalt\u00f3 que la actividad fue\npropicia para la entrega de <strong>50\ntransformadores de distribuci\u00f3n<\/strong>. <\/p>\n\n\n\n<p>\u201cPara dar una respuesta oportuna\na las solicitudes de los usuarios realizadas a trav\u00e9s de la plataforma\ntecnol\u00f3gica Ven App del Sistema <strong>1&#215;10 del\nBuen Gobierno<\/strong>\u201d, agreg\u00f3 Reverol.<\/p>\n\n\n\n<p><strong>Entrega de insumos a la fuerza trabajadora<\/strong><\/p>\n\n\n\n<p>El tambi\u00e9n <strong>Ministro del Poder Popular para la Energ\u00eda El\u00e9ctrica (Mppee)<\/strong> indic\u00f3\nque entregaron un total de 5 mil 484 <strong>piezas\ny uniformes<\/strong> que ser\u00e1n distribuidos a la <strong>fuerza trabajadora<\/strong> del <strong>sector\nel\u00e9ctrico<\/strong> de la entidad. <\/p>\n\n\n\n<p>A estos suministros se suman m\u00e1s\nde 300 <strong>herramientas<\/strong> para el\nmantenimiento de las subestaciones y circuitos de distribuci\u00f3n.<\/p>\n\n\n\n<p>\u201cDe esta manera continuamos\ngarantizando los implementos necesarios para que los trabajadores del sector\nsigan cumpliendo con sus labores diarias (\u2026) Porque nuestra meta es mantener un\nservicio el\u00e9ctrico confiable y seguro\u201d, finaliz\u00f3 Reverol. <\/p>\n\n\n\n<p>Prensa Mppee \/ Aliarly Carrillo<\/p>\n","protected":false},"excerpt":{"rendered":"<p>Prensa Mppee (Carabobo 05\/05\/2023).- Este viernes, fue reinaugurado el Taller de Reparaci\u00f3n de Transformadores de Potencia en la Subestaci\u00f3n La<\/p>\n","protected":false},"author":22,"featured_media":89086,"comment_status":"open","ping_status":"open","sticky":false,"template":"","format":"standard","meta":{"footnotes":""},"categories":[30],"tags":[],"class_list":["post-89085","post","type-post","status-publish","format-standard","has-post-thumbnail","hentry","category-regionales"],"_links":{"self":[{"href":"https:\/\/mppee.gob.ve\/index.php?rest_route=\/wp\/v2\/posts\/89085","targetHints":{"allow":["GET"]}}],"collection":[{"href":"https:\/\/mppee.gob.ve\/index.php?rest_route=\/wp\/v2\/posts"}],"about":[{"href":"https:\/\/mppee.gob.ve\/index.php?rest_route=\/wp\/v2\/types\/post"}],"author":[{"embeddable":true,"href":"https:\/\/mppee.gob.ve\/index.php?rest_route=\/wp\/v2\/users\/22"}],"replies":[{"embeddable":true,"href":"https:\/\/mppee.gob.ve\/index.php?rest_route=%2Fwp%2Fv2%2Fcomments&post=89085"}],"version-history":[{"count":1,"href":"https:\/\/mppee.gob.ve\/index.php?rest_route=\/wp\/v2\/posts\/89085\/revisions"}],"predecessor-version":[{"id":89087,"href":"https:\/\/mppee.gob.ve\/index.php?rest_route=\/wp\/v2\/posts\/89085\/revisions\/89087"}],"wp:featuredmedia":[{"embeddable":true,"href":"https:\/\/mppee.gob.ve\/index.php?rest_route=\/wp\/v2\/media\/89086"}],"wp:attachment":[{"href":"https:\/\/mppee.gob.ve\/index.php?rest_route=%2Fwp%2Fv2%2Fmedia&parent=89085"}],"wp:term":[{"taxonomy":"category","embeddable":true,"href":"https:\/\/mppee.gob.ve\/index.php?rest_route=%2Fwp%2Fv2%2Fcategories&post=89085"},{"taxonomy":"post_tag","embeddable":true,"href":"https:\/\/mppee.gob.ve\/index.php?rest_route=%2Fwp%2Fv2%2Ftags&post=89085"}],"curies":[{"name":"wp","href":"https:\/\/api.w.org\/{rel}","templated":true}]}}