{"id":89094,"date":"2023-05-10T22:00:52","date_gmt":"2023-05-10T22:00:52","guid":{"rendered":"http:\/\/10.200.87.50\/mppee\/?p=89094"},"modified":"2023-05-10T22:02:18","modified_gmt":"2023-05-10T22:02:18","slug":"inspeccionan-trabajos-que-desarrolla-corpoelec-para-optimizar-el-servicio-electrico-en-el-zulia","status":"publish","type":"post","link":"https:\/\/mppee.gob.ve\/?p=89094","title":{"rendered":"Inspeccionan trabajos que desarrolla Corpoelec para optimizar el servicio el\u00e9ctrico en el Zulia"},"content":{"rendered":"\n<p>Prensa Mppee (Caracas,\n10\/05\/2023).- El <strong>Vicepresidente\nSectorial de Obras P\u00fablicas y Servicios, G\/J N\u00e9stor Reverol<\/strong>, realiz\u00f3 este\nmi\u00e9rcoles una <strong>jornada de inspecci\u00f3n<\/strong> a\nlos trabajos que desarrolla la <strong>fuerza\ntrabajadora<\/strong> de la <strong>Corporaci\u00f3n El\u00e9ctrica\nNacional (Corpoelec)<\/strong> para optimizar el <strong>servicio\nde energ\u00eda el\u00e9ctrica<\/strong> en los hogares y comercios del estado <strong>Zulia<\/strong>.<\/p>\n\n\n\n<p>Precis\u00f3 que para ello, sostuvo\nuna reuni\u00f3n con la <strong>Gerencia Territorial\ny Gerencias Operativas<\/strong>, as\u00ed como con parte del equipo del <strong>Ministerio del Poder Popular para la\nEnerg\u00eda El\u00e9ctrica (Mppee)<\/strong> en la entidad. <\/p>\n\n\n\n<p>\u201cEvaluamos los proyectos correspondientes\na las \u00e1reas de generaci\u00f3n y transmisi\u00f3n para su&nbsp;\nrecuperaci\u00f3n integral en beneficio del colectivo\u201d, explic\u00f3. <\/p>\n\n\n\n<p>Agreg\u00f3 que tambi\u00e9n revisaron las <strong>restricciones operativas<\/strong> con el fin de\nseguir avanzando en la adecuaci\u00f3n y mantenimiento del <strong>sistema el\u00e9ctrico regional.<\/strong><\/p>\n\n\n\n<p><strong>Monumento al Bicentenario de la Batalla Naval del Lago de Maracaibo<\/strong><\/p>\n\n\n\n<p>Por otra parte, <strong>Reverol<\/strong> inform\u00f3 que tambi\u00e9n evalu\u00f3 los\navances en las obras del Monumento al Bicentenario de la <strong>Batalla Naval del Lago de Maracaibo<\/strong>, que enaltecer\u00e1 la gesta de los\npatriotas que lucharon por la independencia de Venezuela y desde donde se puede\napreciar el puente General en Jefe, Rafael Urdaneta.<\/p>\n\n\n\n<p>\u201cSeguimos trabajando de forma\nincansable para el vivir bien de mi querido <strong>pueblo zuliano<\/strong>\u201d, puntualiz\u00f3. <\/p>\n\n\n\n<p>Prensa Mppee \/ Aliarly Carrillo<\/p>\n","protected":false},"excerpt":{"rendered":"<p>Prensa Mppee (Caracas, 10\/05\/2023).- El Vicepresidente Sectorial de Obras P\u00fablicas y Servicios, G\/J N\u00e9stor Reverol, realiz\u00f3 este mi\u00e9rcoles una jornada<\/p>\n","protected":false},"author":22,"featured_media":89099,"comment_status":"open","ping_status":"open","sticky":false,"template":"","format":"standard","meta":{"footnotes":""},"categories":[30],"tags":[],"class_list":["post-89094","post","type-post","status-publish","format-standard","has-post-thumbnail","hentry","category-regionales"],"_links":{"self":[{"href":"https:\/\/mppee.gob.ve\/index.php?rest_route=\/wp\/v2\/posts\/89094","targetHints":{"allow":["GET"]}}],"collection":[{"href":"https:\/\/mppee.gob.ve\/index.php?rest_route=\/wp\/v2\/posts"}],"about":[{"href":"https:\/\/mppee.gob.ve\/index.php?rest_route=\/wp\/v2\/types\/post"}],"author":[{"embeddable":true,"href":"https:\/\/mppee.gob.ve\/index.php?rest_route=\/wp\/v2\/users\/22"}],"replies":[{"embeddable":true,"href":"https:\/\/mppee.gob.ve\/index.php?rest_route=%2Fwp%2Fv2%2Fcomments&post=89094"}],"version-history":[{"count":1,"href":"https:\/\/mppee.gob.ve\/index.php?rest_route=\/wp\/v2\/posts\/89094\/revisions"}],"predecessor-version":[{"id":89096,"href":"https:\/\/mppee.gob.ve\/index.php?rest_route=\/wp\/v2\/posts\/89094\/revisions\/89096"}],"wp:featuredmedia":[{"embeddable":true,"href":"https:\/\/mppee.gob.ve\/index.php?rest_route=\/wp\/v2\/media\/89099"}],"wp:attachment":[{"href":"https:\/\/mppee.gob.ve\/index.php?rest_route=%2Fwp%2Fv2%2Fmedia&parent=89094"}],"wp:term":[{"taxonomy":"category","embeddable":true,"href":"https:\/\/mppee.gob.ve\/index.php?rest_route=%2Fwp%2Fv2%2Fcategories&post=89094"},{"taxonomy":"post_tag","embeddable":true,"href":"https:\/\/mppee.gob.ve\/index.php?rest_route=%2Fwp%2Fv2%2Ftags&post=89094"}],"curies":[{"name":"wp","href":"https:\/\/api.w.org\/{rel}","templated":true}]}}