{"id":89101,"date":"2023-05-13T00:10:01","date_gmt":"2023-05-13T00:10:01","guid":{"rendered":"http:\/\/10.200.87.50\/mppee\/?p=89101"},"modified":"2023-05-13T00:10:03","modified_gmt":"2023-05-13T00:10:03","slug":"las-madres-del-sector-electrico-son-la-principal-fuerza-para-enfrentar-cualquier-adversidad","status":"publish","type":"post","link":"https:\/\/mppee.gob.ve\/?p=89101","title":{"rendered":"Las madres del sector el\u00e9ctrico son  la principal fuerza para enfrentar cualquier adversidad"},"content":{"rendered":"\n<p>Prensa Mppee (Caracas\n12\/05\/2023).- En las instalaciones del <strong>Ministerio\ndel&nbsp; Poder Popular para la Energ\u00eda\nEl\u00e9ctrica (Mppee)<\/strong> a trav\u00e9s de la <strong>Asociaci\u00f3n\nCivil del Mppee, (Asoelec),<\/strong> se realiz\u00f3 una <strong>Jornada Social de Atenci\u00f3n Integral<\/strong> as\u00ed como otras actividades,\npara celebrar el <strong>D\u00eda de las Madres<\/strong>.<\/p>\n\n\n\n<p>Durante la celebraci\u00f3n por\nsegundo d\u00eda consecutivo las <strong>madres<\/strong> <strong>del sector el\u00e9ctrico<\/strong> tuvieron la\noportunidad de adquirir alimentos, combos proteicos, ropa, calzado, art\u00edculos\npersonales, electrodom\u00e9sticos y servicio de peluquer\u00eda y asistencia m\u00e9dica, a\ntrav\u00e9s del <strong>Fondo Autoadministrado de\nSalud del Ministerio de Energ\u00eda El\u00e9ctrica (Fasmee).<\/strong><\/p>\n\n\n\n<p>El evento, cont\u00f3 con la\nparticipaci\u00f3n <strong>del vicepresidente\nSectorial de Obras Publicas y Servicio G\/J N\u00e9stor Reverol<\/strong>, quien en\ncompa\u00f1\u00eda de la doctora <strong>Stephanie Sartori<\/strong>,\n<strong>presidenta de Asoelec,<\/strong> realizaron un\nrecorrido por los diversos stands, para saludar y felicitar a las madres en su\nd\u00eda. <\/p>\n\n\n\n<p>Por su parte, Dubis Iglesia,&nbsp; expres\u00f3 que se \u00absiente muy alagada de\nestar en esta jornada. Tambi\u00e9n ayer tuvimos la oportunidad de disfrutar de una\nobra teatral,&nbsp; titulada \u00abTu Madre,\nAntes vs Despu\u00e9s\u00bb, as\u00ed como de diferentes servicios, gracias al se\u00f1or\nministro N\u00e9stor Reverol y a su esposa por este gran detalle para\nnosotras\u201d.&nbsp; <\/p>\n\n\n\n<p>Prensa Mppee\/Luigi J. Ram\u00edrez<\/p>\n","protected":false},"excerpt":{"rendered":"<p>Prensa Mppee (Caracas 12\/05\/2023).- En las instalaciones del Ministerio del&nbsp; Poder Popular para la Energ\u00eda El\u00e9ctrica (Mppee) a trav\u00e9s de<\/p>\n","protected":false},"author":22,"featured_media":89102,"comment_status":"open","ping_status":"open","sticky":false,"template":"","format":"standard","meta":{"footnotes":""},"categories":[1],"tags":[],"class_list":["post-89101","post","type-post","status-publish","format-standard","has-post-thumbnail","hentry","category-mppee"],"_links":{"self":[{"href":"https:\/\/mppee.gob.ve\/index.php?rest_route=\/wp\/v2\/posts\/89101","targetHints":{"allow":["GET"]}}],"collection":[{"href":"https:\/\/mppee.gob.ve\/index.php?rest_route=\/wp\/v2\/posts"}],"about":[{"href":"https:\/\/mppee.gob.ve\/index.php?rest_route=\/wp\/v2\/types\/post"}],"author":[{"embeddable":true,"href":"https:\/\/mppee.gob.ve\/index.php?rest_route=\/wp\/v2\/users\/22"}],"replies":[{"embeddable":true,"href":"https:\/\/mppee.gob.ve\/index.php?rest_route=%2Fwp%2Fv2%2Fcomments&post=89101"}],"version-history":[{"count":1,"href":"https:\/\/mppee.gob.ve\/index.php?rest_route=\/wp\/v2\/posts\/89101\/revisions"}],"predecessor-version":[{"id":89103,"href":"https:\/\/mppee.gob.ve\/index.php?rest_route=\/wp\/v2\/posts\/89101\/revisions\/89103"}],"wp:featuredmedia":[{"embeddable":true,"href":"https:\/\/mppee.gob.ve\/index.php?rest_route=\/wp\/v2\/media\/89102"}],"wp:attachment":[{"href":"https:\/\/mppee.gob.ve\/index.php?rest_route=%2Fwp%2Fv2%2Fmedia&parent=89101"}],"wp:term":[{"taxonomy":"category","embeddable":true,"href":"https:\/\/mppee.gob.ve\/index.php?rest_route=%2Fwp%2Fv2%2Fcategories&post=89101"},{"taxonomy":"post_tag","embeddable":true,"href":"https:\/\/mppee.gob.ve\/index.php?rest_route=%2Fwp%2Fv2%2Ftags&post=89101"}],"curies":[{"name":"wp","href":"https:\/\/api.w.org\/{rel}","templated":true}]}}