{"id":89111,"date":"2023-05-16T22:24:13","date_gmt":"2023-05-16T22:24:13","guid":{"rendered":"http:\/\/10.200.87.50\/mppee\/?p=89111"},"modified":"2023-05-16T22:24:14","modified_gmt":"2023-05-16T22:24:14","slug":"asoelec-inicia-plan-de-meriendas-para-los-hijos-e-hijas-de-los-trabajadores-del-sector-electrico","status":"publish","type":"post","link":"https:\/\/mppee.gob.ve\/?p=89111","title":{"rendered":"Asoelec inicia Plan de Meriendas para los hijos e hijas de los trabajadores del sector el\u00e9ctrico"},"content":{"rendered":"\n<p>Prensa Mppee \u2013 (Caracas 16\/05\/2023).- En el marco de la\ncelebraci\u00f3n del <strong>XIII Aniversario de la\nAsociaci\u00f3n Civil del Ministerio del Poder Popular para la Energ\u00eda El\u00e9ctrica,\n(Asoelec)<\/strong>, se realiz\u00f3 este martes la primera jornada especial del <strong>Plan de Meriendas<\/strong> para los hijos e\nhijas de la fuerza trabajadora del <strong>Sistema\nEl\u00e9ctrico Nacional<\/strong>, que suman m\u00e1s de 19 mil ni\u00f1os y ni\u00f1as en m\u00e1s de 13 mil\nhogares.<\/p>\n\n\n\n<p>La actividad se llev\u00f3 a cabo en las instalaciones de la sede\ndel <strong>Ministerio del Poder Popular para la\nEnerg\u00eda El\u00e9ctrica, (Mppee)<\/strong> ubicada en san Bernardino, Caracas y\nconjuntamente a nivel nacional.<\/p>\n\n\n\n<p>El operativo especial contempla m\u00e1s de <strong>700 mil meriendas<\/strong> y promueve el <strong>crecimiento saludable de los ni\u00f1os y ni\u00f1as de 3 a 12 a\u00f1os<\/strong>, dando\ncumplimiento a la primera l\u00ednea estrat\u00e9gica de trabajo del Sistema El\u00e9ctrico\nNacional para el 2023, que se refiere a la Protecci\u00f3n Integral y Bienestar del\nTrabajador y su n\u00facleo familiar.<\/p>\n\n\n\n<p>\u201cLas trabajadoras y los trabajadores del <strong>Sistema El\u00e9ctrico Nacional<\/strong> son el arma\nsecreta, como dice nuestro ciudadano ministro N\u00e9stor Reverol Torres, puntualiz\u00f3\nKarol Abad, Gerente de Talento Humano de Corpoelec.<\/p>\n\n\n\n<p>Pedro Carrero, trabajador de App en redes y datos de\nCorpoelec, dijo que \u201cla jornada es excelente porque representa un obsequio\nnutritivo para nuestros hijos\u201d.<\/p>\n\n\n\n<p>Mientras que Daniel Vergara, trabajador de <strong>Corpoelec<\/strong> manifest\u00f3 estar agradecido\ncon Asoelec y su presidenta doctora Stephanie Sartori por todos los beneficios\nque nos ayuda a la fuerza trabajadora del sector el\u00e9ctrico\u201d.<\/p>\n\n\n\n<p>Prensa Mppee\/ Jeimy Avenda\u00f1o<\/p>\n","protected":false},"excerpt":{"rendered":"<p>Prensa Mppee \u2013 (Caracas 16\/05\/2023).- En el marco de la celebraci\u00f3n del XIII Aniversario de la Asociaci\u00f3n Civil del Ministerio<\/p>\n","protected":false},"author":22,"featured_media":89112,"comment_status":"open","ping_status":"open","sticky":false,"template":"","format":"standard","meta":{"footnotes":""},"categories":[15],"tags":[],"class_list":["post-89111","post","type-post","status-publish","format-standard","has-post-thumbnail","hentry","category-nacionales"],"_links":{"self":[{"href":"https:\/\/mppee.gob.ve\/index.php?rest_route=\/wp\/v2\/posts\/89111","targetHints":{"allow":["GET"]}}],"collection":[{"href":"https:\/\/mppee.gob.ve\/index.php?rest_route=\/wp\/v2\/posts"}],"about":[{"href":"https:\/\/mppee.gob.ve\/index.php?rest_route=\/wp\/v2\/types\/post"}],"author":[{"embeddable":true,"href":"https:\/\/mppee.gob.ve\/index.php?rest_route=\/wp\/v2\/users\/22"}],"replies":[{"embeddable":true,"href":"https:\/\/mppee.gob.ve\/index.php?rest_route=%2Fwp%2Fv2%2Fcomments&post=89111"}],"version-history":[{"count":1,"href":"https:\/\/mppee.gob.ve\/index.php?rest_route=\/wp\/v2\/posts\/89111\/revisions"}],"predecessor-version":[{"id":89113,"href":"https:\/\/mppee.gob.ve\/index.php?rest_route=\/wp\/v2\/posts\/89111\/revisions\/89113"}],"wp:featuredmedia":[{"embeddable":true,"href":"https:\/\/mppee.gob.ve\/index.php?rest_route=\/wp\/v2\/media\/89112"}],"wp:attachment":[{"href":"https:\/\/mppee.gob.ve\/index.php?rest_route=%2Fwp%2Fv2%2Fmedia&parent=89111"}],"wp:term":[{"taxonomy":"category","embeddable":true,"href":"https:\/\/mppee.gob.ve\/index.php?rest_route=%2Fwp%2Fv2%2Fcategories&post=89111"},{"taxonomy":"post_tag","embeddable":true,"href":"https:\/\/mppee.gob.ve\/index.php?rest_route=%2Fwp%2Fv2%2Ftags&post=89111"}],"curies":[{"name":"wp","href":"https:\/\/api.w.org\/{rel}","templated":true}]}}