{"id":89114,"date":"2023-05-19T00:54:50","date_gmt":"2023-05-19T00:54:50","guid":{"rendered":"http:\/\/10.200.87.50\/mppee\/?p=89114"},"modified":"2023-05-19T00:54:51","modified_gmt":"2023-05-19T00:54:51","slug":"inauguran-universidad-nacional-experimental-de-especialidades-electricas-en-el-guri","status":"publish","type":"post","link":"https:\/\/mppee.gob.ve\/?p=89114","title":{"rendered":"Inauguran Universidad Nacional Experimental de Especialidades El\u00e9ctricas en el Guri"},"content":{"rendered":"\n<p>Prensa Mppee &#8211; (Caracas\n18\/05\/2023).- Este jueves, fue inaugurada la <strong>Universidad Nacional Experimental de Especialidades El\u00e9ctricas (Unexee)<\/strong>\nen el <strong>Complejo Hidroel\u00e9ctrico Sim\u00f3n\nBol\u00edvar en Guri<\/strong>, municipio Angostura, estado Bol\u00edvar. <\/p>\n\n\n\n<p>\u201cEs una <strong>universidad nacida solo en Revoluci\u00f3n<\/strong>, en Venezuela, desde el\nconocimiento, experiencia y saberes de la clase obrera el\u00e9ctrica del pa\u00eds (\u2026)\nva a ser un gran centro de estudios de car\u00e1cter cient\u00edfico, de alto nivel\ntecnol\u00f3gico\u201d, indic\u00f3 el <strong>presidente de la\nRep\u00fablica, Nicol\u00e1s Maduro<\/strong>, desde el estado Carabobo, donde sostuvo un\nencuentro con el <strong>Consejo Productivo de\nTrabajadores y Trabajadoras (CPTT) <\/strong>del sector industrial. <\/p>\n\n\n\n<p>Asegur\u00f3 que este centro de\nestudios tiene como meta <strong>formar a miles\nde j\u00f3venes<\/strong> en las especialidades el\u00e9ctricas. <\/p>\n\n\n\n<p>Durante un contacto satelital, el\nJefe de Estado le dio la palabra al <strong>vicepresidente\nSectorial de Obras P\u00fablicas y Servicios, G\/J N\u00e9stor Reverol<\/strong>, quien se\nencontraba en la sede de la universidad, acompa\u00f1ado por su rector, Jos\u00e9 Mu\u00f1oz y\nla trabajadora de Guri, Iraira Castro, que estudia en la universidad por\nacreditaci\u00f3n de saberes.<\/p>\n\n\n\n<p>\u201cEsto es un sue\u00f1o hecho realidad\ncon la fuerza trabajadora del <strong>Sistema\nEl\u00e9ctrico Nacional<\/strong>, que cuenta actualmente con 442 estudiantes, 97 de ellos\nde los pueblos aleda\u00f1os del Guri, a quienes se les ha dado la oportunidad de\nformar parte de esta gran familia\u201d, expres\u00f3 Reverol. <\/p>\n\n\n\n<p>Precis\u00f3 que las carreras de\nT\u00e9cnico Superior Universitario (TSU) e Ingenier\u00eda que ofrece esta universidad\nson: <strong>Sistema El\u00e9ctrico de Potencia,\nRedes El\u00e9ctricas y Gesti\u00f3n de Mantenimiento El\u00e9ctrico.<\/strong><\/p>\n\n\n\n<p>Cada una de ellas formar\u00e1 a la <strong>fuerza trabajadora del sector el\u00e9ctrico<\/strong>\ny ciudadanos que cumplan con los requisitos de ingreso, para que tengan la\ncapacidad de organizar y realizar procesos de investigaci\u00f3n e innovaci\u00f3n, con\nel fin de sumarse al <strong>desarrollo del SEN.<\/strong><\/p>\n\n\n\n<p>Adem\u00e1s, destac\u00f3 que constituir\u00e1\nun nuevo modelo de educaci\u00f3n universitaria que dirigir\u00e1 la promoci\u00f3n de una\ncultura energ\u00e9tica vinculado con las comunidades, para la generaci\u00f3n de la\ncorresponsabilidad en la calidad del servicio.<\/p>\n\n\n\n<p>Reverol precis\u00f3 que la <strong>Unexee<\/strong> cuenta con 34 aulas, biblioteca,\nsala de lectura, sala web, enfermer\u00eda, as\u00ed como con dos anfiteatros para 258\npersonas, oficinas administrativas, cafet\u00edn, dos piscinas, seis canchas\ndeportivas, un comedor con servicio en l\u00ednea para 210 comensales y 84\ndormitorios, todo ello distribuido en tres plantas. <\/p>\n\n\n\n<p>Asimismo, mantiene convenios con\nla <strong>Misi\u00f3n Robinson y Ribas<\/strong> para que\nlos trabajadores del SEN que ya son bachilleres culminen sus estudios y se\nincorporen a la nueva universidad.<\/p>\n\n\n\n<p><strong>Nuevos n\u00facleos<\/strong><\/p>\n\n\n\n<p>En sus declaraciones, el tambi\u00e9n <strong>Ministro del Poder Popular para la Energ\u00eda\nEl\u00e9ctrica (Mppee)<\/strong> afirm\u00f3 que m\u00e1s adelante la Unexee tendr\u00e1 ocho n\u00facleos en\ncada regi\u00f3n del pa\u00eds,&nbsp; comenzando por\noccidente, espec\u00edficamente en el estado Falc\u00f3n, donde solo se trabajar\u00e1 la\nenerg\u00eda alternativa.<\/p>\n\n\n\n<p>Finalmente, Reverol agradeci\u00f3 al\npresidente Maduro por los recursos para crear esta innovadora universidad.<\/p>\n\n\n\n<p>Prensa Mppee \u2013 Aliarly Carrillo<\/p>\n","protected":false},"excerpt":{"rendered":"<p>Prensa Mppee &#8211; (Caracas 18\/05\/2023).- Este jueves, fue inaugurada la Universidad Nacional Experimental de Especialidades El\u00e9ctricas (Unexee) en el Complejo<\/p>\n","protected":false},"author":22,"featured_media":89115,"comment_status":"open","ping_status":"open","sticky":false,"template":"","format":"standard","meta":{"footnotes":""},"categories":[15],"tags":[],"class_list":["post-89114","post","type-post","status-publish","format-standard","has-post-thumbnail","hentry","category-nacionales"],"_links":{"self":[{"href":"https:\/\/mppee.gob.ve\/index.php?rest_route=\/wp\/v2\/posts\/89114","targetHints":{"allow":["GET"]}}],"collection":[{"href":"https:\/\/mppee.gob.ve\/index.php?rest_route=\/wp\/v2\/posts"}],"about":[{"href":"https:\/\/mppee.gob.ve\/index.php?rest_route=\/wp\/v2\/types\/post"}],"author":[{"embeddable":true,"href":"https:\/\/mppee.gob.ve\/index.php?rest_route=\/wp\/v2\/users\/22"}],"replies":[{"embeddable":true,"href":"https:\/\/mppee.gob.ve\/index.php?rest_route=%2Fwp%2Fv2%2Fcomments&post=89114"}],"version-history":[{"count":1,"href":"https:\/\/mppee.gob.ve\/index.php?rest_route=\/wp\/v2\/posts\/89114\/revisions"}],"predecessor-version":[{"id":89116,"href":"https:\/\/mppee.gob.ve\/index.php?rest_route=\/wp\/v2\/posts\/89114\/revisions\/89116"}],"wp:featuredmedia":[{"embeddable":true,"href":"https:\/\/mppee.gob.ve\/index.php?rest_route=\/wp\/v2\/media\/89115"}],"wp:attachment":[{"href":"https:\/\/mppee.gob.ve\/index.php?rest_route=%2Fwp%2Fv2%2Fmedia&parent=89114"}],"wp:term":[{"taxonomy":"category","embeddable":true,"href":"https:\/\/mppee.gob.ve\/index.php?rest_route=%2Fwp%2Fv2%2Fcategories&post=89114"},{"taxonomy":"post_tag","embeddable":true,"href":"https:\/\/mppee.gob.ve\/index.php?rest_route=%2Fwp%2Fv2%2Ftags&post=89114"}],"curies":[{"name":"wp","href":"https:\/\/api.w.org\/{rel}","templated":true}]}}