{"id":89158,"date":"2023-06-01T22:54:20","date_gmt":"2023-06-01T22:54:20","guid":{"rendered":"http:\/\/10.200.87.50\/mppee\/?p=89158"},"modified":"2023-06-01T22:54:21","modified_gmt":"2023-06-01T22:54:21","slug":"con-arte-y-cafe-la-fuerza-trabajadora-del-sen-disfruto-de-una-jornada-creativa-promovida-por-asoelec","status":"publish","type":"post","link":"https:\/\/mppee.gob.ve\/?p=89158","title":{"rendered":"Con \u201cArte y Caf\u00e9\u201d la fuerza trabajadora del SEN disfrut\u00f3 de una jornada creativa promovida por Asoelec"},"content":{"rendered":"<p style=\"text-align: justify;\"><img loading=\"lazy\" decoding=\"async\" class=\"size-medium wp-image-89162 alignleft\" src=\"http:\/\/10.200.87.50\/mppee\/wp-content\/uploads\/2023\/06\/WhatsApp-Image-2023-06-01-at-6.37.22-PM-1-300x200.jpeg\" alt=\"\" width=\"300\" height=\"200\" srcset=\"https:\/\/mppee.gob.ve\/wp-content\/uploads\/2023\/06\/WhatsApp-Image-2023-06-01-at-6.37.22-PM-1-300x200.jpeg 300w, https:\/\/mppee.gob.ve\/wp-content\/uploads\/2023\/06\/WhatsApp-Image-2023-06-01-at-6.37.22-PM-1-1024x682.jpeg 1024w, https:\/\/mppee.gob.ve\/wp-content\/uploads\/2023\/06\/WhatsApp-Image-2023-06-01-at-6.37.22-PM-1-768x512.jpeg 768w, https:\/\/mppee.gob.ve\/wp-content\/uploads\/2023\/06\/WhatsApp-Image-2023-06-01-at-6.37.22-PM-1.jpeg 1280w\" sizes=\"auto, (max-width: 300px) 100vw, 300px\" \/>La Asociaci\u00f3n Civil del Ministerio del Poder Popular para la Energ\u00eda El\u00e9ctrica (Asoelec) continu\u00f3 este jueves celebrando su d\u00e9cimo tercer aniversario con actividades orientadas al sano esparcimiento de la fuerza trabajadora del Sistema El\u00e9ctrico Nacional (SEN).<\/p>\n<p style=\"text-align: justify;\">En esta oportunidad, el personal mostr\u00f3 sus cualidades art\u00edsticas con \u201cArte y Caf\u00e9\u201d, actividad en la que pintaron el rostro de la reconocida artista mexicana y s\u00edmbolo feminista Frida Kahlo, mientras degustaban deliciosas bebidas.<\/p>\n<p style=\"text-align: justify;\"><strong>\u201cEsta actividad no solo es para celebrar el aniversario de Asoelec, sino tambi\u00e9n para compartir un rato agradable con nuestros compa\u00f1eros de trabajo y esperamos que as\u00ed sea, que disfruten la cata de caf\u00e9, de t\u00e9 y degustaci\u00f3n de comida que tenemos para ustedes\u201d<\/strong>, indic\u00f3 la presidenta de instituci\u00f3n, Dra. Stephanie Sartori quien presidi\u00f3 la actividad.<\/p>\n<p style=\"text-align: justify;\"><img loading=\"lazy\" decoding=\"async\" class=\"size-medium wp-image-89163 alignright\" src=\"http:\/\/10.200.87.50\/mppee\/wp-content\/uploads\/2023\/06\/WhatsApp-Image-2023-06-01-at-6.37.22-PM-300x200.jpeg\" alt=\"\" width=\"300\" height=\"200\" srcset=\"https:\/\/mppee.gob.ve\/wp-content\/uploads\/2023\/06\/WhatsApp-Image-2023-06-01-at-6.37.22-PM-300x200.jpeg 300w, https:\/\/mppee.gob.ve\/wp-content\/uploads\/2023\/06\/WhatsApp-Image-2023-06-01-at-6.37.22-PM-1024x682.jpeg 1024w, https:\/\/mppee.gob.ve\/wp-content\/uploads\/2023\/06\/WhatsApp-Image-2023-06-01-at-6.37.22-PM-768x512.jpeg 768w, https:\/\/mppee.gob.ve\/wp-content\/uploads\/2023\/06\/WhatsApp-Image-2023-06-01-at-6.37.22-PM.jpeg 1280w\" sizes=\"auto, (max-width: 300px) 100vw, 300px\" \/>Resalt\u00f3 que durante el mes de aniversario, se han realizado m\u00e1s de 10 actividades en las que se ha promovido la cultura, el deporte, la educaci\u00f3n y recreaci\u00f3n.<\/p>\n<p style=\"text-align: justify;\">Asimismo, destac\u00f3 que desde que preside Asoelec, hace un a\u00f1o, han abarcado y logrado acciones que van dirigidas a la capacitaci\u00f3n, protecci\u00f3n y ayuda de toda la fuerza trabajadora del Ministerio del Poder Popular para la Energ\u00eda El\u00e9ctrica (Mppee).<\/p>\n<p style=\"text-align: justify;\">Todo ello a trav\u00e9s de diversas atenciones: en materia de educaci\u00f3n con la firma de convenios con varias instituciones como Misi\u00f3n Ribas, Robinson, la Universidad Cat\u00f3lica Santa Rosa (Ucsar) y certificados de cursos del Master en Materia de Liderazgo.<\/p>\n<p style=\"text-align: justify;\"><img loading=\"lazy\" decoding=\"async\" class=\"size-medium wp-image-89160 alignleft\" src=\"http:\/\/10.200.87.50\/mppee\/wp-content\/uploads\/2023\/06\/WhatsApp-Image-2023-06-01-at-6.37.21-PM-1-300x200.jpeg\" alt=\"\" width=\"300\" height=\"200\" srcset=\"https:\/\/mppee.gob.ve\/wp-content\/uploads\/2023\/06\/WhatsApp-Image-2023-06-01-at-6.37.21-PM-1-300x200.jpeg 300w, https:\/\/mppee.gob.ve\/wp-content\/uploads\/2023\/06\/WhatsApp-Image-2023-06-01-at-6.37.21-PM-1-1024x682.jpeg 1024w, https:\/\/mppee.gob.ve\/wp-content\/uploads\/2023\/06\/WhatsApp-Image-2023-06-01-at-6.37.21-PM-1-768x512.jpeg 768w, https:\/\/mppee.gob.ve\/wp-content\/uploads\/2023\/06\/WhatsApp-Image-2023-06-01-at-6.37.21-PM-1.jpeg 1280w\" sizes=\"auto, (max-width: 300px) 100vw, 300px\" \/>En referencia a la salud realizaron jornada Integrales articuladas con el Fondo Autoadministrado de Salud del Ministerio de Energ\u00eda El\u00e9ctrica (Fasmee), as\u00ed como han hecho jornadas de alimentaci\u00f3n y el inicio de Plan de Meriendas para los hijos e hijas de los trabajadores.<\/p>\n<p style=\"text-align: justify;\"><strong>\u201cEsto lo hacemos con todo el cari\u00f1o del mundo y ha sido dirigido no solo a los trabajadores sino tambi\u00e9n a sus hijos y al personal jubilado del sector el\u00e9ctrico\u201d<\/strong>, enfatiz\u00f3 Sartori.<\/p>\n<p style=\"text-align: justify;\">Finalmente, felicit\u00f3 al equipo de trabajo de Asoelec por su gran labor y dedici\u00f3n en pro del bienestar de todos los trabajadores.<\/p>\n<p style=\"text-align: justify;\"><strong>Prensa Mppee<\/strong><\/p>\n","protected":false},"excerpt":{"rendered":"<p>La Asociaci\u00f3n Civil del Ministerio del Poder Popular para la Energ\u00eda El\u00e9ctrica (Asoelec) continu\u00f3 este jueves celebrando su d\u00e9cimo tercer<\/p>\n","protected":false},"author":12,"featured_media":89159,"comment_status":"open","ping_status":"open","sticky":false,"template":"","format":"standard","meta":{"footnotes":""},"categories":[1],"tags":[11],"class_list":["post-89158","post","type-post","status-publish","format-standard","has-post-thumbnail","hentry","category-mppee","tag-mppee"],"_links":{"self":[{"href":"https:\/\/mppee.gob.ve\/index.php?rest_route=\/wp\/v2\/posts\/89158","targetHints":{"allow":["GET"]}}],"collection":[{"href":"https:\/\/mppee.gob.ve\/index.php?rest_route=\/wp\/v2\/posts"}],"about":[{"href":"https:\/\/mppee.gob.ve\/index.php?rest_route=\/wp\/v2\/types\/post"}],"author":[{"embeddable":true,"href":"https:\/\/mppee.gob.ve\/index.php?rest_route=\/wp\/v2\/users\/12"}],"replies":[{"embeddable":true,"href":"https:\/\/mppee.gob.ve\/index.php?rest_route=%2Fwp%2Fv2%2Fcomments&post=89158"}],"version-history":[{"count":1,"href":"https:\/\/mppee.gob.ve\/index.php?rest_route=\/wp\/v2\/posts\/89158\/revisions"}],"predecessor-version":[{"id":89164,"href":"https:\/\/mppee.gob.ve\/index.php?rest_route=\/wp\/v2\/posts\/89158\/revisions\/89164"}],"wp:featuredmedia":[{"embeddable":true,"href":"https:\/\/mppee.gob.ve\/index.php?rest_route=\/wp\/v2\/media\/89159"}],"wp:attachment":[{"href":"https:\/\/mppee.gob.ve\/index.php?rest_route=%2Fwp%2Fv2%2Fmedia&parent=89158"}],"wp:term":[{"taxonomy":"category","embeddable":true,"href":"https:\/\/mppee.gob.ve\/index.php?rest_route=%2Fwp%2Fv2%2Fcategories&post=89158"},{"taxonomy":"post_tag","embeddable":true,"href":"https:\/\/mppee.gob.ve\/index.php?rest_route=%2Fwp%2Fv2%2Ftags&post=89158"}],"curies":[{"name":"wp","href":"https:\/\/api.w.org\/{rel}","templated":true}]}}