{"id":89172,"date":"2023-06-03T23:09:01","date_gmt":"2023-06-03T23:09:01","guid":{"rendered":"http:\/\/10.200.87.50\/mppee\/?p=89172"},"modified":"2023-06-03T23:09:02","modified_gmt":"2023-06-03T23:09:02","slug":"fuerza-trabajadora-de-corpoelec-atiende-contingencia-electrica-en-la-guaira","status":"publish","type":"post","link":"https:\/\/mppee.gob.ve\/?p=89172","title":{"rendered":"Fuerza trabajadora de Corpoelec atiende contingencia el\u00e9ctrica en La Guaira"},"content":{"rendered":"\n<p>Prensa Mppee (Caracas, 03\/06\/2023).- La <strong>Corporaci\u00f3n El\u00e9ctrica Nacional (Corpoelec)&nbsp; <\/strong>despleg\u00f3 m\u00e1s de 150 hombres y mujeres de\nsu <strong>fuerza de trabajadora<\/strong> para\natender la <strong>contingencia<\/strong> registrada\nen el estado <strong>La Guaira<\/strong> producto de\nlas r\u00e1fagas de viento, como consecuencia del <strong>cambio clim\u00e1tico.<\/strong><\/p>\n\n\n\n<p>Varios sectores del <strong>Litoral\nCentral<\/strong> quedaron sin servicio el\u00e9ctrico durante la madrugada de este\ns\u00e1bado, debido a la ca\u00edda de <strong>postes y\ntransformadores<\/strong>. Un contingente de trabajadores de <strong>Caracas y Miranda<\/strong> se sumaron a las labores de recuperaci\u00f3n para\nresponder de forma inmediata a la poblaci\u00f3n guaire\u00f1a.<\/p>\n\n\n\n<p>\u201cAhorita tenemos una afectaci\u00f3n de m\u00e1s de nueve\ntransformadores que debido a los fuertes vientos se cayeron, por lo que estamos\nhaciendo la colocaci\u00f3n&nbsp; de nuevos potes y\ntransformadores para darle servicio a la poblaci\u00f3n\u201d, indic\u00f3 <strong>Maikel Condalez, Gerente Nacional de\nDistribuci\u00f3n<\/strong>, desde la calle <strong>\u201cLos\nBa\u00f1os\u201d, parroquia Maiquet\u00eda<\/strong>, donde se cayeron nueve postes y bancos de\ntransformadores.<\/p>\n\n\n\n<p>Precis\u00f3 que en otras de las zonas donde est\u00e1 desplegada la\nfuerza trabajadora son <strong>Tacagua, Longa\nEspa\u00f1a, Catia L Mar, Caraballeda y Naiguat\u00e1. <\/strong><\/p>\n\n\n\n<p>Al respecto, el <strong>Gerente\nEstadal de Distribuci\u00f3n La Guaira, Mario Mora<\/strong>, afirm\u00f3 que con autorizaci\u00f3n\ndel <strong>Ministro del Poder Popular para la\nEnerg\u00eda El\u00e9ctrica (Mppee), G\/J N\u00e9stor Reverol, <\/strong>se hizo el despliegue a\u00e9reo\ncon el que ya determinaron las fallas en las torres. <\/p>\n\n\n\n<p>\u201cPr\u00f3ximamente esteramos recuperando el 80% de los circuitos.\nSeguimos trabajando\u201d, enfatiz\u00f3. <\/p>\n\n\n\n<p>Prensa Mppee \/ Aliarly Carrillo<\/p>\n","protected":false},"excerpt":{"rendered":"<p>Prensa Mppee (Caracas, 03\/06\/2023).- La Corporaci\u00f3n El\u00e9ctrica Nacional (Corpoelec)&nbsp; despleg\u00f3 m\u00e1s de 150 hombres y mujeres de su fuerza de<\/p>\n","protected":false},"author":22,"featured_media":89173,"comment_status":"open","ping_status":"open","sticky":false,"template":"","format":"standard","meta":{"footnotes":""},"categories":[30],"tags":[],"class_list":["post-89172","post","type-post","status-publish","format-standard","has-post-thumbnail","hentry","category-regionales"],"_links":{"self":[{"href":"https:\/\/mppee.gob.ve\/index.php?rest_route=\/wp\/v2\/posts\/89172","targetHints":{"allow":["GET"]}}],"collection":[{"href":"https:\/\/mppee.gob.ve\/index.php?rest_route=\/wp\/v2\/posts"}],"about":[{"href":"https:\/\/mppee.gob.ve\/index.php?rest_route=\/wp\/v2\/types\/post"}],"author":[{"embeddable":true,"href":"https:\/\/mppee.gob.ve\/index.php?rest_route=\/wp\/v2\/users\/22"}],"replies":[{"embeddable":true,"href":"https:\/\/mppee.gob.ve\/index.php?rest_route=%2Fwp%2Fv2%2Fcomments&post=89172"}],"version-history":[{"count":1,"href":"https:\/\/mppee.gob.ve\/index.php?rest_route=\/wp\/v2\/posts\/89172\/revisions"}],"predecessor-version":[{"id":89174,"href":"https:\/\/mppee.gob.ve\/index.php?rest_route=\/wp\/v2\/posts\/89172\/revisions\/89174"}],"wp:featuredmedia":[{"embeddable":true,"href":"https:\/\/mppee.gob.ve\/index.php?rest_route=\/wp\/v2\/media\/89173"}],"wp:attachment":[{"href":"https:\/\/mppee.gob.ve\/index.php?rest_route=%2Fwp%2Fv2%2Fmedia&parent=89172"}],"wp:term":[{"taxonomy":"category","embeddable":true,"href":"https:\/\/mppee.gob.ve\/index.php?rest_route=%2Fwp%2Fv2%2Fcategories&post=89172"},{"taxonomy":"post_tag","embeddable":true,"href":"https:\/\/mppee.gob.ve\/index.php?rest_route=%2Fwp%2Fv2%2Ftags&post=89172"}],"curies":[{"name":"wp","href":"https:\/\/api.w.org\/{rel}","templated":true}]}}