{"id":89181,"date":"2023-06-07T20:25:59","date_gmt":"2023-06-07T20:25:59","guid":{"rendered":"http:\/\/10.200.87.50\/mppee\/?p=89181"},"modified":"2023-06-07T20:26:01","modified_gmt":"2023-06-07T20:26:01","slug":"inauguran-centro-de-atencion-telefonica-08000-fasmee-del-sector-electrico","status":"publish","type":"post","link":"https:\/\/mppee.gob.ve\/?p=89181","title":{"rendered":"Inauguran Centro de Atenci\u00f3n Telef\u00f3nica \u201c08000-FASMEE\u201d del sector el\u00e9ctrico"},"content":{"rendered":"<p style=\"text-align: justify;\"><img loading=\"lazy\" decoding=\"async\" class=\"size-medium wp-image-89183 alignleft\" src=\"http:\/\/10.200.87.50\/mppee\/wp-content\/uploads\/2023\/06\/Inauguran-Centro-de-Atenci\u00f3n-Telef\u00f3nica-\u201c08000-FASMEE\u201d-del-sector-el\u00e9ctrico-3-300x200.jpeg\" alt=\"\" width=\"300\" height=\"200\" srcset=\"https:\/\/mppee.gob.ve\/wp-content\/uploads\/2023\/06\/Inauguran-Centro-de-Atenci\u00f3n-Telef\u00f3nica-\u201c08000-FASMEE\u201d-del-sector-el\u00e9ctrico-3-300x200.jpeg 300w, https:\/\/mppee.gob.ve\/wp-content\/uploads\/2023\/06\/Inauguran-Centro-de-Atenci\u00f3n-Telef\u00f3nica-\u201c08000-FASMEE\u201d-del-sector-el\u00e9ctrico-3-768x512.jpeg 768w, https:\/\/mppee.gob.ve\/wp-content\/uploads\/2023\/06\/Inauguran-Centro-de-Atenci\u00f3n-Telef\u00f3nica-\u201c08000-FASMEE\u201d-del-sector-el\u00e9ctrico-3.jpeg 1024w\" sizes=\"auto, (max-width: 300px) 100vw, 300px\" \/>El vicepresidente Sectorial de Obras P\u00fablicas y Servicios, G\/J N\u00e9stor Reverol, inaugur\u00f3 este mi\u00e9rcoles el Centro de Atenci\u00f3n Telef\u00f3nica \u201c08000-FASMEE\u201d (327633), del Fondo Autoadministrado de Salud del Ministerio del Poder Popular Para la Energ\u00eda El\u00e9ctrica<\/p>\n<p><b>\u201cEste centro de atenci\u00f3n fundamental atender\u00e1 a 154 mil trabajadores y sus familiares directos a trav\u00e9s del 08000 Fasmee (327633), durante las 24 horas del d\u00eda, para lo cual se contar\u00e1 con 12 operadores\u201d<\/b>, explic\u00f3 Reverol, desde la sede de la Corporaci\u00f3n El\u00e9ctrica Nacional (Corpoelec), ubicada en El Rosal, Chacao.<\/p>\n<p>Destac\u00f3 que se elaborar\u00e1 un Registro Nacional del Fasmee que estar\u00e1 sistematizado por m\u00f3dulos, dependiendo de las diferentes sintomatolog\u00edas o diagn\u00f3sticos de las personas que atiendan.<br \/>\n<b><br \/>\n<img loading=\"lazy\" decoding=\"async\" class=\"wp-image-89184 size-medium alignright\" src=\"http:\/\/10.200.87.50\/mppee\/wp-content\/uploads\/2023\/06\/Inauguran-Centro-de-Atenci\u00f3n-Telef\u00f3nica-\u201c08000-FASMEE\u201d-del-sector-el\u00e9ctrico-8-300x200.jpeg\" alt=\"\" width=\"300\" height=\"200\" srcset=\"https:\/\/mppee.gob.ve\/wp-content\/uploads\/2023\/06\/Inauguran-Centro-de-Atenci\u00f3n-Telef\u00f3nica-\u201c08000-FASMEE\u201d-del-sector-el\u00e9ctrico-8-300x200.jpeg 300w, https:\/\/mppee.gob.ve\/wp-content\/uploads\/2023\/06\/Inauguran-Centro-de-Atenci\u00f3n-Telef\u00f3nica-\u201c08000-FASMEE\u201d-del-sector-el\u00e9ctrico-8-768x512.jpeg 768w, https:\/\/mppee.gob.ve\/wp-content\/uploads\/2023\/06\/Inauguran-Centro-de-Atenci\u00f3n-Telef\u00f3nica-\u201c08000-FASMEE\u201d-del-sector-el\u00e9ctrico-8.jpeg 1024w\" sizes=\"auto, (max-width: 300px) 100vw, 300px\" \/>\u201cDiariamente estar\u00e1n de guardia un m\u00e9dico y una enfermera, para atender a aquel trabajador que previamente haya solicitado asistencia m\u00e9dica a trav\u00e9s de la l\u00ednea telef\u00f3nica\u201d,<\/b>\u00a0agreg\u00f3.<\/p>\n<p>Reverol asegur\u00f3 que el m\u00e9dico de guardia, \u00a0podr\u00e1 tambi\u00e9n otorgar un r\u00e9cipe al paciente v\u00eda telef\u00f3nica a trav\u00e9s de la aplicaci\u00f3n de mensajer\u00eda WhatsApp, de esta manera se coloc\u00f3 a disposici\u00f3n de la fuerza trabajadora la atenci\u00f3n de Telemedicina.<\/p>\n<p>Por otra parte, anunci\u00f3 la activaci\u00f3n de las visitas domiciliarias, y para ello se sumaron 10 veh\u00edculos, en una primera fase, en los estados donde hay mayor cantidad de trabajadores del sector el\u00e9ctrico.<\/p>\n<p><b><img loading=\"lazy\" decoding=\"async\" class=\"size-medium wp-image-89185 alignleft\" src=\"http:\/\/10.200.87.50\/mppee\/wp-content\/uploads\/2023\/06\/WhatsApp-Image-2023-06-07-at-4.19.18-PM-300x200.jpeg\" alt=\"\" width=\"300\" height=\"200\" srcset=\"https:\/\/mppee.gob.ve\/wp-content\/uploads\/2023\/06\/WhatsApp-Image-2023-06-07-at-4.19.18-PM-300x200.jpeg 300w, https:\/\/mppee.gob.ve\/wp-content\/uploads\/2023\/06\/WhatsApp-Image-2023-06-07-at-4.19.18-PM-768x512.jpeg 768w, https:\/\/mppee.gob.ve\/wp-content\/uploads\/2023\/06\/WhatsApp-Image-2023-06-07-at-4.19.18-PM.jpeg 1024w\" sizes=\"auto, (max-width: 300px) 100vw, 300px\" \/>\u201cEsto va a fortalecer nuestro sistema integral de salud del Sistema El\u00e9ctrico Nacional\u201d<\/b>, enfatiz\u00f3.<\/p>\n<p>El Fasmee cuenta con 62 especialidades de atenci\u00f3n de salud y 40 ambulancias en todo el territorio nacional.<br \/>\n<b><i><br \/>\nEntrega de insumos y materiales<br \/>\n<\/i><\/b><br \/>\nDurante la actividad, el tambi\u00e9n ministro del Poder Popular para la Energ\u00eda El\u00e9ctrica entreg\u00f3 m\u00e1s de 18 mil materiales, insumos y medicinas a todos los Gerentes del FASMEE de los 24 estados.<\/p>\n<p><b><img loading=\"lazy\" decoding=\"async\" class=\"size-medium wp-image-89186 alignright\" src=\"http:\/\/10.200.87.50\/mppee\/wp-content\/uploads\/2023\/06\/WhatsApp-Image-2023-06-07-at-4.21.34-PM-300x200.jpeg\" alt=\"\" width=\"300\" height=\"200\" srcset=\"https:\/\/mppee.gob.ve\/wp-content\/uploads\/2023\/06\/WhatsApp-Image-2023-06-07-at-4.21.34-PM-300x200.jpeg 300w, https:\/\/mppee.gob.ve\/wp-content\/uploads\/2023\/06\/WhatsApp-Image-2023-06-07-at-4.21.34-PM-768x512.jpeg 768w, https:\/\/mppee.gob.ve\/wp-content\/uploads\/2023\/06\/WhatsApp-Image-2023-06-07-at-4.21.34-PM.jpeg 1024w\" sizes=\"auto, (max-width: 300px) 100vw, 300px\" \/>\u201cTambi\u00e9n estamos entregando 40 canastillas del Programa Un Rayito de Luz destinado para las esposas de los trabajadores y las mujeres trabajadoras que se encuentren embarazadas\u201d<\/b>, precis\u00f3.<\/p>\n<p>Igualmente, otorg\u00f3 25 sillas de ruedas, as\u00ed como 10 veh\u00edculos \u00a0dotados con bombonas de ox\u00edgeno y el equipamiento m\u00ednimo para que el m\u00e9dico y la enfermera realicen visitas domiciliarias.<\/p>\n<p><b>\u201cSeguiremos avanzando en la mejora del sistema de salud de nuestra fuerza trabajadora del Sistema El\u00e9ctrico Nacional\u201d,<\/b>\u00a0concluy\u00f3 Reverol.<\/p>\n<p><b>Prensa Mppee<\/b><\/p>\n","protected":false},"excerpt":{"rendered":"<p>El vicepresidente Sectorial de Obras P\u00fablicas y Servicios, G\/J N\u00e9stor Reverol, inaugur\u00f3 este mi\u00e9rcoles el Centro de Atenci\u00f3n Telef\u00f3nica \u201c08000-FASMEE\u201d<\/p>\n","protected":false},"author":12,"featured_media":89182,"comment_status":"open","ping_status":"open","sticky":false,"template":"","format":"standard","meta":{"footnotes":""},"categories":[15],"tags":[255,11],"class_list":["post-89181","post","type-post","status-publish","format-standard","has-post-thumbnail","hentry","category-nacionales","tag-fasmee","tag-mppee"],"_links":{"self":[{"href":"https:\/\/mppee.gob.ve\/index.php?rest_route=\/wp\/v2\/posts\/89181","targetHints":{"allow":["GET"]}}],"collection":[{"href":"https:\/\/mppee.gob.ve\/index.php?rest_route=\/wp\/v2\/posts"}],"about":[{"href":"https:\/\/mppee.gob.ve\/index.php?rest_route=\/wp\/v2\/types\/post"}],"author":[{"embeddable":true,"href":"https:\/\/mppee.gob.ve\/index.php?rest_route=\/wp\/v2\/users\/12"}],"replies":[{"embeddable":true,"href":"https:\/\/mppee.gob.ve\/index.php?rest_route=%2Fwp%2Fv2%2Fcomments&post=89181"}],"version-history":[{"count":1,"href":"https:\/\/mppee.gob.ve\/index.php?rest_route=\/wp\/v2\/posts\/89181\/revisions"}],"predecessor-version":[{"id":89188,"href":"https:\/\/mppee.gob.ve\/index.php?rest_route=\/wp\/v2\/posts\/89181\/revisions\/89188"}],"wp:featuredmedia":[{"embeddable":true,"href":"https:\/\/mppee.gob.ve\/index.php?rest_route=\/wp\/v2\/media\/89182"}],"wp:attachment":[{"href":"https:\/\/mppee.gob.ve\/index.php?rest_route=%2Fwp%2Fv2%2Fmedia&parent=89181"}],"wp:term":[{"taxonomy":"category","embeddable":true,"href":"https:\/\/mppee.gob.ve\/index.php?rest_route=%2Fwp%2Fv2%2Fcategories&post=89181"},{"taxonomy":"post_tag","embeddable":true,"href":"https:\/\/mppee.gob.ve\/index.php?rest_route=%2Fwp%2Fv2%2Ftags&post=89181"}],"curies":[{"name":"wp","href":"https:\/\/api.w.org\/{rel}","templated":true}]}}