{"id":89202,"date":"2023-06-09T22:19:48","date_gmt":"2023-06-09T22:19:48","guid":{"rendered":"http:\/\/mppee.gob.ve\/?p=89202"},"modified":"2023-06-09T22:19:48","modified_gmt":"2023-06-09T22:19:48","slug":"gobierno-bolivariano-activa-fuerza-de-tarea-andes-2023-en-trujillo","status":"publish","type":"post","link":"https:\/\/mppee.gob.ve\/?p=89202","title":{"rendered":"Gobierno Bolivariano activa \u201cFuerza de Tarea Andes 2023\u201d en Trujillo"},"content":{"rendered":"\n<p>Prensa VPSOPS&nbsp; &#8211; (Trujillo, 09\/06\/2023).- Este viernes, fue\nactivada en el estado <strong>Trujillo<\/strong>, la <strong>\u201cFuerza de Tarea Andes 2023\u201d<\/strong> para\natender cualquier afectaci\u00f3n que origine la <strong>temporada de lluvias<\/strong> en la entidad andina. <\/p>\n\n\n\n<p>As\u00ed lo inform\u00f3 el <strong>vicepresidente Sectorial de Obras P\u00fablicas\ny Servicios, G\/J N\u00e9stor Reverol<\/strong>, quien estuvo acompa\u00f1ado del gobernador del\nestado, Gerardo M\u00e1rquez, representantes del Sistema de Gesti\u00f3n de Riesgo y de\nla <strong>Fuerza Armada Nacional Bolivariana.<\/strong><\/p>\n\n\n\n<p>\u201cEsta es una estrategia creada en\nunidad monol\u00edtica entre el Gobierno nacional, regional, local y popular, para\nunir esfuerzos y enfrentar las situaciones sobrevenidas a causa de las <strong>lluvias<\/strong>\u201d, indic\u00f3 Reverol. <\/p>\n\n\n\n<p>Explic\u00f3 que esta <strong>Fuerza de Tarea<\/strong> cuenta con tres\nv\u00e9rtices: <strong>Infraestructura y Servicios<\/strong>,\nque se encargar\u00e1 de la recuperaci\u00f3n de la vialidad y mantenimiento de los\nservicios p\u00fablicos; <strong>Humanitaria<\/strong>,\nvinculada al despliegue de los funcionarios para garantizar la atenci\u00f3n de las\ncomunidades y realizaci\u00f3n de an\u00e1lisis de da\u00f1os en la regi\u00f3n; y el <strong>Comit\u00e9 T\u00e9cnico-Cient\u00edfico<\/strong>, que\nrealizar\u00e1 estudios de los fen\u00f3menos hidrometeorol\u00f3gicos, cauce de los r\u00edos,\npara crear proyectos estructurantes que permitan evitar alg\u00fan tipo de\nsituaciones de riesgo.<\/p>\n\n\n\n<p>Reverol destac\u00f3 que todos ellos\nestar\u00e1n desplegados en los cuatro ejes que se definieron en el territorio\ntrujillano: <strong>Capital, Panamericano,\nMetropolitano y Monta\u00f1a<\/strong>, que agrupa los veinte municipios, en los que\ntrabajar\u00e1n los distintos niveles de gobierno.<\/p>\n\n\n\n<p><strong>Proyectos para Trujillo<\/strong><\/p>\n\n\n\n<p>El <strong>Vicepresidente Sectorial<\/strong> anunci\u00f3 la activaci\u00f3n de 56 proyectos en\nel estado Trujillo, de los cuales ya iniciaron 17, y en los pr\u00f3ximos d\u00edas\nincorporar\u00e1n los otros 39, entre los que se encuentran los estructurales y\ncorrectivos.&nbsp; \u201cAvanzaremos en la\nreestructuraci\u00f3n y reordenamiento del territorio del estado Trujillo\u201d,\ndestac\u00f3.&nbsp; <\/p>\n\n\n\n<p><strong>Recuperaci\u00f3n de v\u00edas<\/strong><\/p>\n\n\n\n<p>Por su parte, el gobernador de la\nentidad <strong>Gerardo M\u00e1rquez<\/strong> agradeci\u00f3\nlos equipos, maquinaria e insumos que llegaron al estado para el Sistema de Gesti\u00f3n\nde Riesgo, \u201clo que nos permite adelantarnos a la temporada de lluvias\u201d<\/p>\n\n\n\n<p>En materia de vialidad resalt\u00f3\nque ya fue recuperado el 90% de la v\u00eda que va desde la entidad trujillana a la\nciudad de Barquisimeto y al Zulia; as\u00ed como el inicio en&nbsp; la recuperaci\u00f3n de la carretera a El Vig\u00eda,\nen M\u00e9rida. <\/p>\n\n\n\n<p>\u201cTambi\u00e9n hemos comenzado, con el\napoyo del Ejecutivo Nacional, la demarcaci\u00f3n\u201d, asegur\u00f3. <\/p>\n\n\n\n<p>Prensa VPSOPS \u2013 Aliarly Carrillo<\/p>\n","protected":false},"excerpt":{"rendered":"<p>Prensa VPSOPS&nbsp; &#8211; (Trujillo, 09\/06\/2023).- Este viernes, fue activada en el estado Trujillo, la \u201cFuerza de Tarea Andes 2023\u201d para<\/p>\n","protected":false},"author":22,"featured_media":89203,"comment_status":"open","ping_status":"open","sticky":false,"template":"","format":"standard","meta":{"footnotes":""},"categories":[30],"tags":[],"class_list":["post-89202","post","type-post","status-publish","format-standard","has-post-thumbnail","hentry","category-regionales"],"_links":{"self":[{"href":"https:\/\/mppee.gob.ve\/index.php?rest_route=\/wp\/v2\/posts\/89202","targetHints":{"allow":["GET"]}}],"collection":[{"href":"https:\/\/mppee.gob.ve\/index.php?rest_route=\/wp\/v2\/posts"}],"about":[{"href":"https:\/\/mppee.gob.ve\/index.php?rest_route=\/wp\/v2\/types\/post"}],"author":[{"embeddable":true,"href":"https:\/\/mppee.gob.ve\/index.php?rest_route=\/wp\/v2\/users\/22"}],"replies":[{"embeddable":true,"href":"https:\/\/mppee.gob.ve\/index.php?rest_route=%2Fwp%2Fv2%2Fcomments&post=89202"}],"version-history":[{"count":0,"href":"https:\/\/mppee.gob.ve\/index.php?rest_route=\/wp\/v2\/posts\/89202\/revisions"}],"wp:featuredmedia":[{"embeddable":true,"href":"https:\/\/mppee.gob.ve\/index.php?rest_route=\/"}],"wp:attachment":[{"href":"https:\/\/mppee.gob.ve\/index.php?rest_route=%2Fwp%2Fv2%2Fmedia&parent=89202"}],"wp:term":[{"taxonomy":"category","embeddable":true,"href":"https:\/\/mppee.gob.ve\/index.php?rest_route=%2Fwp%2Fv2%2Fcategories&post=89202"},{"taxonomy":"post_tag","embeddable":true,"href":"https:\/\/mppee.gob.ve\/index.php?rest_route=%2Fwp%2Fv2%2Ftags&post=89202"}],"curies":[{"name":"wp","href":"https:\/\/api.w.org\/{rel}","templated":true}]}}