{"id":89206,"date":"2023-06-15T20:19:00","date_gmt":"2023-06-15T20:19:00","guid":{"rendered":"http:\/\/mppee.gob.ve\/?p=89206"},"modified":"2023-06-15T20:19:00","modified_gmt":"2023-06-15T20:19:00","slug":"realizan-gran-jornada-integral-para-los-padres-del-sector-electrico","status":"publish","type":"post","link":"https:\/\/mppee.gob.ve\/?p=89206","title":{"rendered":"Realizan Gran Jornada Integral para los padres del sector el\u00e9ctrico"},"content":{"rendered":"<p style=\"text-align: justify;\"><img loading=\"lazy\" decoding=\"async\" class=\"size-medium wp-image-89217 alignleft\" src=\"http:\/\/mppee.gob.ve\/wp-content\/uploads\/2023\/06\/WhatsApp-Image-2023-06-16-at-1.51.18-PM-300x207.jpeg\" alt=\"\" width=\"300\" height=\"207\" \/>En las instalaciones del Ministerio del Poder Popular para la Energ\u00eda El\u00e9ctrica ubicado en San Bernardino, Caracas se llev\u00f3 a cabo este jueves una Gran Jornada Integral como parte de la celebraci\u00f3n del D\u00eda del Padre, para todos los trabajadores pertenecientes al sector el\u00e9ctrico actividad que estuvo promovida por la Asociaci\u00f3n Civil (Asoelec).<\/p>\n<p style=\"text-align: justify;\">Con esta jornada se beneficiaron m\u00e1s de mil 900 padres trabajadores de la sede ministerial, la cual cont\u00f3 con juegos mesa, venta de calzados y ropa, combos proteicos, productos alimenticios, INTT, barber\u00eda, atenci\u00f3n al cliente de Pdvsa Gas, entre otras actividades.<\/p>\n<p style=\"text-align: justify;\"><img loading=\"lazy\" decoding=\"async\" class=\"size-medium wp-image-89214 alignright\" src=\"http:\/\/mppee.gob.ve\/wp-content\/uploads\/2023\/06\/WhatsApp-Image-2023-06-16-at-1.51.18-PM3-300x194.jpeg\" alt=\"\" width=\"300\" height=\"194\" \/>Por su parte, el Fondo Autoadministrado de Salud del Ministerio del Energ\u00eda El\u00e9ctrica (Fasmee) ofreci\u00f3 diversas atenciones como: medicina general e Interna, odontol\u00f3gica, laboratorio, urolog\u00eda, vacunaci\u00f3n, farmacia y entrega de ayudas a los trabajadores.<\/p>\n<p style=\"text-align: justify;\">Leonel D\u00edaz, Jefe de Divisi\u00f3n Nacional de Ingreso, perteneciente a la Gerencia General de Finanza, manifest\u00f3 su agradecimiento y calific\u00f3 como excelente dicha jornada.<\/p>\n<p style=\"text-align: justify;\"><strong>\u201cHa sido muy excelente, ya que est\u00e1 iniciativa del Ministro Reverol y del presidente de Corpoelec, aprovechamos los precios a bajo costos para comprar diferentes productos que beneficiar\u00e1n a nuestras familias\u201d<\/strong>, precis\u00f3.<\/p>\n<p style=\"text-align: justify;\"><img loading=\"lazy\" decoding=\"async\" class=\"size-medium wp-image-89213 alignleft\" src=\"http:\/\/mppee.gob.ve\/wp-content\/uploads\/2023\/06\/WhatsApp-Image-2023-06-16-at-1.51.19-PM-300x188.jpeg\" alt=\"\" width=\"300\" height=\"188\" \/>Por su parte, Gabriel Ram\u00edrez, personal de la Direcci\u00f3n General del Uso Racional de la Energ\u00eda acot\u00f3 que, esta actividad me parece muy bien por parte de la empresa, ya que nos celebraron del d\u00eda del padre, y me siento muy agradecido por esta jornada\u201d, manifest\u00f3 adem\u00e1s que debemos seguir luchando por nuestros hijos.<\/p>\n<p style=\"text-align: justify;\">En ese sentido, Anderson Marcano, quien pertenece a la Gerencia de Programaci\u00f3n y Control de Vegetaci\u00f3n, manifest\u00f3 que este tipo de actividades deben de ser m\u00e1s constantes para la fuerza trabajadora.<\/p>\n<p style=\"text-align: justify;\">Vale recordar que Asoelec es un ente adscrito al Mppee, que se dedica en la organizaci\u00f3n y el desarrollo de tareas para la capacitaci\u00f3n de la fuerza trabajadora del sector el\u00e9ctrico, especialmente en los procesos de relaciones laborales y familiares, deporte, recreaci\u00f3n y salud.<\/p>\n<p style=\"text-align: justify;\"><strong>Prensa Mppee<\/strong><\/p>\n<p><img loading=\"lazy\" decoding=\"async\" class=\"alignnone wp-image-89208 size-large\" src=\"http:\/\/mppee.gob.ve\/wp-content\/uploads\/2023\/06\/WhatsApp-Image-2023-06-16-at-1.51.21-PM-1024x682.jpeg\" alt=\"\" width=\"800\" height=\"533\" \/> <img loading=\"lazy\" decoding=\"async\" class=\"alignnone wp-image-89211 size-large\" src=\"http:\/\/mppee.gob.ve\/wp-content\/uploads\/2023\/06\/WhatsApp-Image-2023-06-16-at-1.51.19-PM2-1024x703.jpeg\" alt=\"\" width=\"800\" height=\"549\" \/> <img loading=\"lazy\" decoding=\"async\" class=\"alignnone wp-image-89210 size-large\" src=\"http:\/\/mppee.gob.ve\/wp-content\/uploads\/2023\/06\/WhatsApp-Image-2023-06-16-at-1.51.19-PM3-1024x679.jpeg\" alt=\"\" width=\"800\" height=\"530\" \/> <img loading=\"lazy\" decoding=\"async\" class=\"alignnone wp-image-89207 size-large\" src=\"http:\/\/mppee.gob.ve\/wp-content\/uploads\/2023\/06\/WhatsApp-Image-2023-06-16-at-1.51.21-PM1-1024x682.jpeg\" alt=\"\" width=\"800\" height=\"533\" \/><\/p>\n","protected":false},"excerpt":{"rendered":"<p>En las instalaciones del Ministerio del Poder Popular para la Energ\u00eda El\u00e9ctrica ubicado en San Bernardino, Caracas se llev\u00f3 a<\/p>\n","protected":false},"author":12,"featured_media":89215,"comment_status":"open","ping_status":"open","sticky":false,"template":"","format":"standard","meta":{"footnotes":""},"categories":[15],"tags":[255],"class_list":["post-89206","post","type-post","status-publish","format-standard","has-post-thumbnail","hentry","category-nacionales","tag-fasmee"],"_links":{"self":[{"href":"https:\/\/mppee.gob.ve\/index.php?rest_route=\/wp\/v2\/posts\/89206","targetHints":{"allow":["GET"]}}],"collection":[{"href":"https:\/\/mppee.gob.ve\/index.php?rest_route=\/wp\/v2\/posts"}],"about":[{"href":"https:\/\/mppee.gob.ve\/index.php?rest_route=\/wp\/v2\/types\/post"}],"author":[{"embeddable":true,"href":"https:\/\/mppee.gob.ve\/index.php?rest_route=\/wp\/v2\/users\/12"}],"replies":[{"embeddable":true,"href":"https:\/\/mppee.gob.ve\/index.php?rest_route=%2Fwp%2Fv2%2Fcomments&post=89206"}],"version-history":[{"count":0,"href":"https:\/\/mppee.gob.ve\/index.php?rest_route=\/wp\/v2\/posts\/89206\/revisions"}],"wp:featuredmedia":[{"embeddable":true,"href":"https:\/\/mppee.gob.ve\/index.php?rest_route=\/"}],"wp:attachment":[{"href":"https:\/\/mppee.gob.ve\/index.php?rest_route=%2Fwp%2Fv2%2Fmedia&parent=89206"}],"wp:term":[{"taxonomy":"category","embeddable":true,"href":"https:\/\/mppee.gob.ve\/index.php?rest_route=%2Fwp%2Fv2%2Fcategories&post=89206"},{"taxonomy":"post_tag","embeddable":true,"href":"https:\/\/mppee.gob.ve\/index.php?rest_route=%2Fwp%2Fv2%2Ftags&post=89206"}],"curies":[{"name":"wp","href":"https:\/\/api.w.org\/{rel}","templated":true}]}}