{"id":89238,"date":"2023-06-21T20:19:17","date_gmt":"2023-06-21T20:19:17","guid":{"rendered":"http:\/\/mppee.gob.ve\/?p=89238"},"modified":"2023-07-28T21:51:58","modified_gmt":"2023-07-28T21:51:58","slug":"inauguran-centro-textil-de-chacao-para-producir-60-mil-uniformes-para-los-trabajadores-del-sen","status":"publish","type":"post","link":"https:\/\/mppee.gob.ve\/?p=89238","title":{"rendered":"Inauguran \u201cCentro Textil de Chacao\u201d para producir 60 mil uniformes para los trabajadores del SEN"},"content":{"rendered":"<p style=\"text-align: justify;\"><img loading=\"lazy\" decoding=\"async\" class=\"size-medium wp-image-89239 alignleft\" src=\"http:\/\/mppee.gob.ve\/wp-content\/uploads\/2023\/06\/Inauguran-\u201cCentro-Textil-de-Chacao\u201d-para-producir-60-mil-uniformes-para-los-trabajadores-del-SEN-4-300x200.jpeg\" alt=\"\" width=\"300\" height=\"200\">La vicepresidenta Ejecutiva de la Rep\u00fablica, Delcy Rodr\u00edguez, y el vicepresidente Sectorial de Obras P\u00fablicas y Servicios, G\/J N\u00e9stor Reverol, inauguraron el \u201cCentro Textil de Chacao\u201d, donde se confeccionar\u00e1n un total de 60 mil uniformes para la fuerza trabajadora del Sistema El\u00e9ctrica Nacional (SEN).<\/p>\n<p style=\"text-align: justify;\"><strong>\u201cEn este Centro Textil con 36 m\u00e1quinas de costura y dos l\u00edneas de producci\u00f3n, participan 60 hombres y mujeres en una primera etapa, para confeccionar los uniformes de los trabajadores del sector el\u00e9ctrico\u201d,<\/strong> detall\u00f3 el General en Jefe, acompa\u00f1ado del presidente de la Corporaci\u00f3n El\u00e9ctrica Nacional (Corpoelec), Ing. Jos\u00e9 Luis Betancourt.<\/p>\n<p style=\"text-align: justify;\">Agreg\u00f3 que tienen previsto habilitar un segundo turno para confeccionar uniformes a otras instituciones del Estado como Metro de Caracas y la Corporaci\u00f3n Venezolana de Guayana, <strong>\u201ccon quienes ya hemos conversado\u201d.<\/strong><\/p>\n<p style=\"text-align: justify;\">Al respecto, el presidente de Corpoelec, Betancourt, destac\u00f3 que con dicho centro les garantizan dos dotaciones anuales a los trabajadores del sector.<\/p>\n<p style=\"text-align: justify;\"><em><strong><img loading=\"lazy\" decoding=\"async\" class=\"size-medium wp-image-89241 alignright\" src=\"http:\/\/mppee.gob.ve\/wp-content\/uploads\/2023\/06\/Inauguran-\u201cCentro-Textil-de-Chacao\u201d-para-producir-60-mil-uniformes-para-los-trabajadores-del-SEN-10-300x200.jpeg\" alt=\"\" width=\"300\" height=\"200\">Reinauguraci\u00f3n de comedor<\/strong><\/em><\/p>\n<p style=\"text-align: justify;\">El tambi\u00e9n Ministro del Poder Popular para la Energ\u00eda El\u00e9ctrica (Mppee) puso en marcha un comedor en el Centro de Servicio Chacao que prestar\u00e1 servicio a 1.280 trabajadores, lo que consolida su protecci\u00f3n integral y bienestar.<\/p>\n<p style=\"text-align: justify;\">Por otra parte, resalt\u00f3 que este centro tambi\u00e9n cuenta con un Taller de Reparaci\u00f3n de Transformadores de Potencia, otro para la recuperaci\u00f3n de veh\u00edculos y una estaci\u00f3n de servicio.<\/p>\n<p style=\"text-align: justify;\"><img loading=\"lazy\" decoding=\"async\" class=\"size-medium wp-image-89242 alignleft\" src=\"http:\/\/mppee.gob.ve\/wp-content\/uploads\/2023\/06\/Inauguran-\u201cCentro-Textil-de-Chacao\u201d-para-producir-60-mil-uniformes-para-los-trabajadores-del-SEN-12-300x200.jpeg\" alt=\"\" width=\"300\" height=\"200\">En tal sentido, la vicepresidenta Rodr\u00edguez, celebr\u00f3 las diversas \u00e1reas que tiene este centro integral que brinda atenci\u00f3n a los trabajadores del sector y ayuda a fortalecer el SEN, <strong>\u201cas\u00ed debe ser la atenci\u00f3n integral a los trabajadores de Corpoelec, quienes garantizan el buen funcionamiento del servicio el\u00e9ctrico. En uni\u00f3n nacional Venezuela avanza hacia la direcci\u00f3n victoriosa a pesar del bloqueo criminal\u201d<\/strong>, dijo.<\/p>\n<p style=\"text-align: justify;\"><strong>Prensa Mppee<\/strong><\/p>\n","protected":false},"excerpt":{"rendered":"<p>La vicepresidenta Ejecutiva de la Rep\u00fablica, Delcy Rodr\u00edguez, y el vicepresidente Sectorial de Obras P\u00fablicas y Servicios, G\/J N\u00e9stor Reverol,<\/p>\n","protected":false},"author":12,"featured_media":89240,"comment_status":"closed","ping_status":"open","sticky":false,"template":"","format":"standard","meta":{"footnotes":""},"categories":[15],"tags":[11],"class_list":["post-89238","post","type-post","status-publish","format-standard","has-post-thumbnail","hentry","category-nacionales","tag-mppee"],"_links":{"self":[{"href":"https:\/\/mppee.gob.ve\/index.php?rest_route=\/wp\/v2\/posts\/89238","targetHints":{"allow":["GET"]}}],"collection":[{"href":"https:\/\/mppee.gob.ve\/index.php?rest_route=\/wp\/v2\/posts"}],"about":[{"href":"https:\/\/mppee.gob.ve\/index.php?rest_route=\/wp\/v2\/types\/post"}],"author":[{"embeddable":true,"href":"https:\/\/mppee.gob.ve\/index.php?rest_route=\/wp\/v2\/users\/12"}],"replies":[{"embeddable":true,"href":"https:\/\/mppee.gob.ve\/index.php?rest_route=%2Fwp%2Fv2%2Fcomments&post=89238"}],"version-history":[{"count":2,"href":"https:\/\/mppee.gob.ve\/index.php?rest_route=\/wp\/v2\/posts\/89238\/revisions"}],"predecessor-version":[{"id":89372,"href":"https:\/\/mppee.gob.ve\/index.php?rest_route=\/wp\/v2\/posts\/89238\/revisions\/89372"}],"wp:featuredmedia":[{"embeddable":true,"href":"https:\/\/mppee.gob.ve\/index.php?rest_route=\/"}],"wp:attachment":[{"href":"https:\/\/mppee.gob.ve\/index.php?rest_route=%2Fwp%2Fv2%2Fmedia&parent=89238"}],"wp:term":[{"taxonomy":"category","embeddable":true,"href":"https:\/\/mppee.gob.ve\/index.php?rest_route=%2Fwp%2Fv2%2Fcategories&post=89238"},{"taxonomy":"post_tag","embeddable":true,"href":"https:\/\/mppee.gob.ve\/index.php?rest_route=%2Fwp%2Fv2%2Ftags&post=89238"}],"curies":[{"name":"wp","href":"https:\/\/api.w.org\/{rel}","templated":true}]}}