{"id":89245,"date":"2023-06-26T23:25:51","date_gmt":"2023-06-26T23:25:51","guid":{"rendered":"http:\/\/mppee.gob.ve\/?p=89245"},"modified":"2023-07-28T21:51:47","modified_gmt":"2023-07-28T21:51:47","slug":"vicepresidencia-sectorial-de-obras-publicas-y-servicios-evalua-mejoramiento-de-los-servicios-publicos","status":"publish","type":"post","link":"https:\/\/mppee.gob.ve\/?p=89245","title":{"rendered":"Vicepresidencia Sectorial de Obras P\u00fablicas y Servicios eval\u00faa mejoramiento de los servicios p\u00fablicos"},"content":{"rendered":"\n<p>Prensa VPSOPS \u2013 (Caracas 26\/06\/2023).- El <strong>vicepresidente Sectorial de Obras P\u00fablicas\ny Servicios, G\/J N\u00e9stor Reverol<\/strong>, evalu\u00f3 junto a ministros y organismos\nadscritos a la dependencia gubernamental que dirige, el plan para optimizar los\ndiversos <strong>servicios p\u00fablicos<\/strong> en el\npa\u00eds.<\/p>\n\n\n\n<p>Durante la reuni\u00f3n se hizo un balance del <strong>Sistema 1&#215;10 Buen Gobierno<\/strong>, m\u00e9todo que\nha servido para cumplir con el mejoramiento de los servicios p\u00fablicos en toda\nla geograf\u00eda venezolana, gracias a las peticiones formuladas por la ciudadan\u00eda\ncon la plataforma <strong>VenApp.<\/strong><\/p>\n\n\n\n<p>Otro de los temas que <strong>Reverol\nTorres<\/strong> analiz\u00f3 con el equipo de trabajo fue la situaci\u00f3n de la temporada de\nlluvias en el pa\u00eds, y como \u00e9stas precipitaciones afectan los embalses y los\nsistemas de aguas servidas.<\/p>\n\n\n\n<p>Adem\u00e1s, el encuentro sirvi\u00f3 para discutir la continuidad del<strong> Plan Estrat\u00e9gico Especial de Vialidad y\nPuentes<\/strong>, con el fin de brindarles apoyo a los productores de las \u00e1reas\nagr\u00edcolas y potenciar el desarrollo social y econ\u00f3mico de la naci\u00f3n.<\/p>\n\n\n\n<p>Otro de los asuntos evaluados son los trabajos a desarrollar\npara la sustituci\u00f3n del <strong>puente La Reina<\/strong>,\nv\u00eda Carenero, en Higuerote, estado Miranda, dada la importancia de dicha arteria\nvial en esa zona del <strong>eje barlovente\u00f1o.<\/strong><\/p>\n\n\n\n<p>Al culminar la jornada de trabajo, el General en Jefe\nasever\u00f3 que \u201cdesde la <strong>Vicepresidencia\nSectorial de Obras P\u00fablicas y Servicios<\/strong>, existe el compromiso en atender\nlas demandas del pueblo de Venezuela bajo la premisa del garantizar a la\npoblaci\u00f3n el Vivir Viviendo\u201d.<\/p>\n\n\n\n<p>Prensa VPSOPS \/ Maikel Reyes<\/p>\n","protected":false},"excerpt":{"rendered":"<p>Prensa VPSOPS \u2013 (Caracas 26\/06\/2023).- El vicepresidente Sectorial de Obras P\u00fablicas y Servicios, G\/J N\u00e9stor Reverol, evalu\u00f3 junto a ministros<\/p>\n","protected":false},"author":22,"featured_media":89246,"comment_status":"closed","ping_status":"open","sticky":false,"template":"","format":"standard","meta":{"footnotes":""},"categories":[15],"tags":[],"class_list":["post-89245","post","type-post","status-publish","format-standard","has-post-thumbnail","hentry","category-nacionales"],"_links":{"self":[{"href":"https:\/\/mppee.gob.ve\/index.php?rest_route=\/wp\/v2\/posts\/89245","targetHints":{"allow":["GET"]}}],"collection":[{"href":"https:\/\/mppee.gob.ve\/index.php?rest_route=\/wp\/v2\/posts"}],"about":[{"href":"https:\/\/mppee.gob.ve\/index.php?rest_route=\/wp\/v2\/types\/post"}],"author":[{"embeddable":true,"href":"https:\/\/mppee.gob.ve\/index.php?rest_route=\/wp\/v2\/users\/22"}],"replies":[{"embeddable":true,"href":"https:\/\/mppee.gob.ve\/index.php?rest_route=%2Fwp%2Fv2%2Fcomments&post=89245"}],"version-history":[{"count":1,"href":"https:\/\/mppee.gob.ve\/index.php?rest_route=\/wp\/v2\/posts\/89245\/revisions"}],"predecessor-version":[{"id":89354,"href":"https:\/\/mppee.gob.ve\/index.php?rest_route=\/wp\/v2\/posts\/89245\/revisions\/89354"}],"wp:featuredmedia":[{"embeddable":true,"href":"https:\/\/mppee.gob.ve\/index.php?rest_route=\/"}],"wp:attachment":[{"href":"https:\/\/mppee.gob.ve\/index.php?rest_route=%2Fwp%2Fv2%2Fmedia&parent=89245"}],"wp:term":[{"taxonomy":"category","embeddable":true,"href":"https:\/\/mppee.gob.ve\/index.php?rest_route=%2Fwp%2Fv2%2Fcategories&post=89245"},{"taxonomy":"post_tag","embeddable":true,"href":"https:\/\/mppee.gob.ve\/index.php?rest_route=%2Fwp%2Fv2%2Ftags&post=89245"}],"curies":[{"name":"wp","href":"https:\/\/api.w.org\/{rel}","templated":true}]}}