{"id":89248,"date":"2023-06-28T21:18:02","date_gmt":"2023-06-28T21:18:02","guid":{"rendered":"http:\/\/mppee.gob.ve\/?p=89248"},"modified":"2023-07-28T21:51:34","modified_gmt":"2023-07-28T21:51:34","slug":"mppee-conmemora-a-los-periodistas-por-informar-con-veracidad-en-materia-de-servicios-publicos","status":"publish","type":"post","link":"https:\/\/mppee.gob.ve\/?p=89248","title":{"rendered":"Mppee conmemora a los periodistas por informar con veracidad en materia de servicios p\u00fablicos"},"content":{"rendered":"\n<p>Prensa MPPEE (Caracas,\n28\/06\/2023).- El <strong>vicepresidente\nSectorial de Obras P\u00fablicas y Servicios, G\/J N\u00e9stor Revero<\/strong>l, condecor\u00f3 este\nmi\u00e9rcoles a m\u00e1s de <strong>50 periodistas<\/strong>\npor su loable labor de llevar la verdad al <strong>pueblo\nvenezolano y a la comunidad internacional<\/strong>. <\/p>\n\n\n\n<p>\u00abPor eso el d\u00eda de hoy\nqueremos reconocer ese trabajo incansable que ustedes hacen diariamente; son un\npilar fundamental para llevar la verdad en materia de <strong>servicios p\u00fablicos<\/strong>\u00ab, expres\u00f3 Reverol.<\/p>\n\n\n\n<p>En ese contexto, asever\u00f3 que en\nla actualidad los medios de comunicaci\u00f3n viven la revoluci\u00f3n de las <strong>redes sociales<\/strong>, herramienta que\ncalific\u00f3 como \u00abpoderosa\u00bb al lograr mantener un contacto m\u00e1s cercano y\nen tiempo real con el pueblo. <\/p>\n\n\n\n<p>El <strong>General en Jefe<\/strong> hizo un llamado a seguir utilizando esta\nherramienta con informaci\u00f3n veraz y oportuna, con el fin de visibilizar el\nesfuerzo del <strong>Gobierno Bolivariano<\/strong> en\nmantener la estabilidad en los <strong>servicios\np\u00fablicos.<\/strong> <\/p>\n\n\n\n<p>\u00abY ustedes son el baluarte\nprincipal de ese empuje, de esa nueva \u00e9poca y de esa revoluci\u00f3n comunicacional\npara sembrar conciencia y &nbsp;mantener informado\nal pueblo venezolano\u00bb, dijo el tambi\u00e9n <strong>Ministro del Poder Popular para la Energ\u00eda El\u00e9ctrica<\/strong>.<\/p>\n\n\n\n<p>Prensa Mppee \/ Aliarly Carrillo<\/p>\n","protected":false},"excerpt":{"rendered":"<p>Prensa MPPEE (Caracas, 28\/06\/2023).- El vicepresidente Sectorial de Obras P\u00fablicas y Servicios, G\/J N\u00e9stor Reverol, condecor\u00f3 este mi\u00e9rcoles a m\u00e1s<\/p>\n","protected":false},"author":22,"featured_media":89249,"comment_status":"closed","ping_status":"open","sticky":false,"template":"","format":"standard","meta":{"footnotes":""},"categories":[1],"tags":[11],"class_list":["post-89248","post","type-post","status-publish","format-standard","has-post-thumbnail","hentry","category-mppee","tag-mppee"],"_links":{"self":[{"href":"https:\/\/mppee.gob.ve\/index.php?rest_route=\/wp\/v2\/posts\/89248","targetHints":{"allow":["GET"]}}],"collection":[{"href":"https:\/\/mppee.gob.ve\/index.php?rest_route=\/wp\/v2\/posts"}],"about":[{"href":"https:\/\/mppee.gob.ve\/index.php?rest_route=\/wp\/v2\/types\/post"}],"author":[{"embeddable":true,"href":"https:\/\/mppee.gob.ve\/index.php?rest_route=\/wp\/v2\/users\/22"}],"replies":[{"embeddable":true,"href":"https:\/\/mppee.gob.ve\/index.php?rest_route=%2Fwp%2Fv2%2Fcomments&post=89248"}],"version-history":[{"count":1,"href":"https:\/\/mppee.gob.ve\/index.php?rest_route=\/wp\/v2\/posts\/89248\/revisions"}],"predecessor-version":[{"id":89353,"href":"https:\/\/mppee.gob.ve\/index.php?rest_route=\/wp\/v2\/posts\/89248\/revisions\/89353"}],"wp:featuredmedia":[{"embeddable":true,"href":"https:\/\/mppee.gob.ve\/index.php?rest_route=\/"}],"wp:attachment":[{"href":"https:\/\/mppee.gob.ve\/index.php?rest_route=%2Fwp%2Fv2%2Fmedia&parent=89248"}],"wp:term":[{"taxonomy":"category","embeddable":true,"href":"https:\/\/mppee.gob.ve\/index.php?rest_route=%2Fwp%2Fv2%2Fcategories&post=89248"},{"taxonomy":"post_tag","embeddable":true,"href":"https:\/\/mppee.gob.ve\/index.php?rest_route=%2Fwp%2Fv2%2Ftags&post=89248"}],"curies":[{"name":"wp","href":"https:\/\/api.w.org\/{rel}","templated":true}]}}