{"id":89255,"date":"2023-07-05T12:17:00","date_gmt":"2023-07-05T12:17:00","guid":{"rendered":"http:\/\/mppee.gob.ve\/?p=89255"},"modified":"2023-07-28T21:50:41","modified_gmt":"2023-07-28T21:50:41","slug":"fuerza-trabajadora-del-sector-electrico-conmemoro-212-anos-de-la-independencia-de-venezuela","status":"publish","type":"post","link":"https:\/\/mppee.gob.ve\/?p=89255","title":{"rendered":"Fuerza trabajadora del sector el\u00e9ctrico conmemor\u00f3 212 a\u00f1os de la independencia de Venezuela"},"content":{"rendered":"<p style=\"text-align: justify;\"><img loading=\"lazy\" decoding=\"async\" class=\"size-medium wp-image-89256 alignleft\" src=\"http:\/\/mppee.gob.ve\/wp-content\/uploads\/2023\/07\/WhatsApp-Image-2023-07-05-at-9.05.27-PM-300x213.jpeg\" alt=\"\" width=\"300\" height=\"213\">La fuerza trabajadora del sector el\u00e9ctrico dijo presente en el Paseo Los Pr\u00f3ceres en Caracas, para conmemorar los 212 a\u00f1os de Independencia de Venezuela y celebrar junto a la Fuerza Armada Nacional Bolivariana (FANB) su D\u00eda.<\/p>\n<p style=\"text-align: justify;\">El acto estuvo liderado por el presidente de la Rep\u00fablica Bolivariana de Venezuela, Nicol\u00e1s Maduro, quien expres\u00f3 que la independencia es un asunto de dignidad y que Venezuela est\u00e1 forjando su independencia integral y perpetua <strong>\u00abcon esfuerzo, trabajo, honor, patriotismo, amor y uni\u00f3n nacional\u00bb<\/strong>, sentenci\u00f3.<\/p>\n<p style=\"text-align: justify;\"><img loading=\"lazy\" decoding=\"async\" class=\"size-medium wp-image-89262 alignright\" src=\"http:\/\/mppee.gob.ve\/wp-content\/uploads\/2023\/07\/WhatsApp-Image-2023-07-05-at-9.05.33-PM-300x213.jpeg\" alt=\"\" width=\"300\" height=\"213\">El Jefe de Estado record\u00f3 que la FANB debe ser la columna vertebral de la integridad territorial, de la uni\u00f3n de la Patria y de la defensa nacional.<\/p>\n<p style=\"text-align: justify;\"><strong>\u00abDebe ser garante por siempre, que nunca m\u00e1s el territorio de nuestra Patria sea mancillado por la bota de los imperios\u00bb<\/strong>, sostuvo.<\/p>\n<p style=\"text-align: justify;\">En ese contexto, el Coronel Rafael Betancourt, presidente del Fondo Autoadministrado de Salud del Ministerio del Poder Popular para la Energ\u00eda El\u00e9ctrica (Fasmee) manifest\u00f3 que <strong>\u00aba 212 a\u00f1os de nuestra independencia y D\u00eda de nuestra Fuerza Armada, estamos todos aqu\u00ed unidos bajo la estructura c\u00edvico-militar; con nuestro Ministerio estamos dando una muestra de fuerza uni\u00f3n y valent\u00eda ante el conjunto de agresiones que estamos viviendo\u00bb<\/strong>, expres\u00f3.<\/p>\n<p style=\"text-align: justify;\"><img loading=\"lazy\" decoding=\"async\" class=\"size-medium wp-image-89261 alignleft\" src=\"http:\/\/mppee.gob.ve\/wp-content\/uploads\/2023\/07\/WhatsApp-Image-2023-07-05-at-9.05.32-PM-300x182.jpeg\" alt=\"\" width=\"300\" height=\"182\">Por su parte, el profesor Rafael S\u00e1nchez, Gerente General de Desarrollo Social de Corpoelec envi\u00f3 un saludo revolucionario a todo el pueblo de Venezuela.<\/p>\n<p style=\"text-align: justify;\"><strong>\u00abHoy es otro a\u00f1o m\u00e1s de esta gesta heroica, de nuestra independencia. Enviamos un saludo revolucionario al pueblo de Venezuela, y ratificamos que somos energ\u00eda e independencia el\u00e9ctrica para nuestro pueblo\u00bb,<\/strong> afirm\u00f3.<\/p>\n<p style=\"text-align: justify;\"><strong>Prensa Corpoelec<\/strong><\/p>\n","protected":false},"excerpt":{"rendered":"<p>La fuerza trabajadora del sector el\u00e9ctrico dijo presente en el Paseo Los Pr\u00f3ceres en Caracas, para conmemorar los 212 a\u00f1os<\/p>\n","protected":false},"author":12,"featured_media":89258,"comment_status":"closed","ping_status":"open","sticky":false,"template":"","format":"standard","meta":{"footnotes":""},"categories":[15],"tags":[11],"class_list":["post-89255","post","type-post","status-publish","format-standard","has-post-thumbnail","hentry","category-nacionales","tag-mppee"],"_links":{"self":[{"href":"https:\/\/mppee.gob.ve\/index.php?rest_route=\/wp\/v2\/posts\/89255","targetHints":{"allow":["GET"]}}],"collection":[{"href":"https:\/\/mppee.gob.ve\/index.php?rest_route=\/wp\/v2\/posts"}],"about":[{"href":"https:\/\/mppee.gob.ve\/index.php?rest_route=\/wp\/v2\/types\/post"}],"author":[{"embeddable":true,"href":"https:\/\/mppee.gob.ve\/index.php?rest_route=\/wp\/v2\/users\/12"}],"replies":[{"embeddable":true,"href":"https:\/\/mppee.gob.ve\/index.php?rest_route=%2Fwp%2Fv2%2Fcomments&post=89255"}],"version-history":[{"count":2,"href":"https:\/\/mppee.gob.ve\/index.php?rest_route=\/wp\/v2\/posts\/89255\/revisions"}],"predecessor-version":[{"id":89370,"href":"https:\/\/mppee.gob.ve\/index.php?rest_route=\/wp\/v2\/posts\/89255\/revisions\/89370"}],"wp:featuredmedia":[{"embeddable":true,"href":"https:\/\/mppee.gob.ve\/index.php?rest_route=\/"}],"wp:attachment":[{"href":"https:\/\/mppee.gob.ve\/index.php?rest_route=%2Fwp%2Fv2%2Fmedia&parent=89255"}],"wp:term":[{"taxonomy":"category","embeddable":true,"href":"https:\/\/mppee.gob.ve\/index.php?rest_route=%2Fwp%2Fv2%2Fcategories&post=89255"},{"taxonomy":"post_tag","embeddable":true,"href":"https:\/\/mppee.gob.ve\/index.php?rest_route=%2Fwp%2Fv2%2Ftags&post=89255"}],"curies":[{"name":"wp","href":"https:\/\/api.w.org\/{rel}","templated":true}]}}