{"id":89300,"date":"2023-07-19T23:45:38","date_gmt":"2023-07-19T23:45:38","guid":{"rendered":"http:\/\/mppee.gob.ve\/?p=89300"},"modified":"2023-08-01T00:10:39","modified_gmt":"2023-08-01T00:10:39","slug":"suman-25-megavatios-mas-al-sistema-electrico-del-estado-zulia","status":"publish","type":"post","link":"https:\/\/mppee.gob.ve\/?p=89300","title":{"rendered":"Suman 25 megavatios m\u00e1s al sistema el\u00e9ctrico del estado Zulia"},"content":{"rendered":"\n<p>Prensa MPPEE (Zulia , 19\/07\/2023).- Con la activaci\u00f3n de la\nUnidad RU05 en <strong>la Planta G\/J Rafael\nUrdaneta del estado Zulia<\/strong>, se suman <strong>25\nmegavatios<\/strong> m\u00e1s al sistema el\u00e9ctrico de la entidad. <\/p>\n\n\n\n<p>\u201cLa meta es continuar los trabajos de recuperaci\u00f3n para\nmaximizar el avance de la generaci\u00f3n termoel\u00e9ctrica en beneficio del pueblo\nzuliano\u201d, indic\u00f3 el <strong>Vicepresidente\nSectorial de Obras P\u00fablicas y Servicios, G\/J N\u00e9stor Reverol. <\/strong><\/p>\n\n\n\n<p>Agreg\u00f3 que para seguir fortaleciendo el <strong>sistema el\u00e9ctrico zuliano<\/strong>, entreg\u00f3 21 mil piezas de equipos y\nherramientas entre: medidores, luminarias, transformadores, p\u00e9rtigas,\nmotosierras y desmalezadoras, para optimizar el desarrollo de las jornadas\ndiarias.<\/p>\n\n\n\n<p><strong>Uniformes para la\nfuerza trabajadora<\/strong><\/p>\n\n\n\n<p>Por otra parte, el tambi\u00e9n <strong>Ministro del Poder Popular para la Energ\u00eda El\u00e9ctrica (MPPEE) <\/strong>entreg\u00f3\n<strong>5.756 piezas de uniformes<\/strong>\n(pantalones, camisas y zapatos) confeccionados en el reci\u00e9n inaugurado Centro\nTextil de la instituci\u00f3n. <\/p>\n\n\n\n<p><strong>Exitosa agenda de\ntrabajo en el Zulia<\/strong><\/p>\n\n\n\n<p>Desde horas de la ma\u00f1ana de este 19 de julio, <strong>Reverol<\/strong> y dem\u00e1s ministros que integran\nla vicepresidencia sectorial se encuentran en el Zulia llevando a cabo la\nsupervisi\u00f3n de los proyectos desarrollados a prop\u00f3sito del Bicentenario de la\nBatalla Naval del Lago. <\/p>\n\n\n\n<p>Entre dichos proyectos est\u00e1n las adecuaciones al <strong>Puente G\/J Rafael Urdaneta <\/strong>y las m\u00e1s de\n50 obras de envergadura que conforman la <strong>Ruta\nBicentenaria.<\/strong> <\/p>\n\n\n\n<p>Prensa MPPEE\/Aliarly Carrillo<\/p>\n","protected":false},"excerpt":{"rendered":"<p>Prensa MPPEE (Zulia , 19\/07\/2023).- Con la activaci\u00f3n de la Unidad RU05 en la Planta G\/J Rafael Urdaneta del estado<\/p>\n","protected":false},"author":22,"featured_media":89379,"comment_status":"closed","ping_status":"open","sticky":false,"template":"","format":"standard","meta":{"footnotes":""},"categories":[30],"tags":[],"class_list":["post-89300","post","type-post","status-publish","format-standard","has-post-thumbnail","hentry","category-regionales"],"_links":{"self":[{"href":"https:\/\/mppee.gob.ve\/index.php?rest_route=\/wp\/v2\/posts\/89300","targetHints":{"allow":["GET"]}}],"collection":[{"href":"https:\/\/mppee.gob.ve\/index.php?rest_route=\/wp\/v2\/posts"}],"about":[{"href":"https:\/\/mppee.gob.ve\/index.php?rest_route=\/wp\/v2\/types\/post"}],"author":[{"embeddable":true,"href":"https:\/\/mppee.gob.ve\/index.php?rest_route=\/wp\/v2\/users\/22"}],"replies":[{"embeddable":true,"href":"https:\/\/mppee.gob.ve\/index.php?rest_route=%2Fwp%2Fv2%2Fcomments&post=89300"}],"version-history":[{"count":1,"href":"https:\/\/mppee.gob.ve\/index.php?rest_route=\/wp\/v2\/posts\/89300\/revisions"}],"predecessor-version":[{"id":89342,"href":"https:\/\/mppee.gob.ve\/index.php?rest_route=\/wp\/v2\/posts\/89300\/revisions\/89342"}],"wp:featuredmedia":[{"embeddable":true,"href":"https:\/\/mppee.gob.ve\/index.php?rest_route=\/wp\/v2\/media\/89379"}],"wp:attachment":[{"href":"https:\/\/mppee.gob.ve\/index.php?rest_route=%2Fwp%2Fv2%2Fmedia&parent=89300"}],"wp:term":[{"taxonomy":"category","embeddable":true,"href":"https:\/\/mppee.gob.ve\/index.php?rest_route=%2Fwp%2Fv2%2Fcategories&post=89300"},{"taxonomy":"post_tag","embeddable":true,"href":"https:\/\/mppee.gob.ve\/index.php?rest_route=%2Fwp%2Fv2%2Ftags&post=89300"}],"curies":[{"name":"wp","href":"https:\/\/api.w.org\/{rel}","templated":true}]}}