{"id":89328,"date":"2023-07-26T22:44:37","date_gmt":"2023-07-26T22:44:37","guid":{"rendered":"http:\/\/mppee.gob.ve\/?p=89328"},"modified":"2023-08-01T00:04:01","modified_gmt":"2023-08-01T00:04:01","slug":"un-total-de-56-ninos-y-ninas-de-los-centros-de-educacion-inicial-del-sen-fueron-promovidos-al-primer-grado","status":"publish","type":"post","link":"https:\/\/mppee.gob.ve\/?p=89328","title":{"rendered":"Un total de 56 ni\u00f1os y ni\u00f1as de los Centros de Educaci\u00f3n Inicial del SEN fueron promovidos al primer grado"},"content":{"rendered":"\n<p>Prensa Corpoelec \u2013 (Caracas 26\/07\/2022).- En el auditorio\ndel <strong>Ministerio del Poder Popular para la\nEnerg\u00eda El\u00e9ctrica (Mppee)<\/strong>, en Caracas se llev\u00f3 a cabo este mi\u00e9rcoles el <strong>acto de graduaci\u00f3n<\/strong> al <strong>primer grado<\/strong> de los <strong>ni\u00f1os y ni\u00f1as de los Centros de Educaci\u00f3n inicial&nbsp; \u201cDon Luis Zambrano\u201d y el Centro de Educaci\u00f3n\nInicial \u201cGuardianes El\u00e9ctricos\u201d.<\/strong><\/p>\n\n\n\n<p>Esta actividad estuvo liderada por el <strong>Ministro para la Energ\u00eda El\u00e9ctrica, G\/J N\u00e9stor Reverol<\/strong>, quien\nestuvo acompa\u00f1ado por el <strong>presidente de\nla Corporaci\u00f3n El\u00e9ctrica Nacional (Corpoelec) Ing. Jos\u00e9 Luis Betancourt y la\npresidenta de la Asociaci\u00f3n Civil (Asoelec) Dra. Stephania Sartori.<\/strong><\/p>\n\n\n\n<p>Vale destacar que esta promoci\u00f3n lleva por nombre \u201c<strong>24 de julio de 2023 Bicentenario de la\nBatalla del Lago de Maracaibo\u201d<\/strong>, una fecha importante para la soberan\u00eda, la\npaz y la independencia de Venezuela. <\/p>\n\n\n\n<p>\u201cHoy es un d\u00eda muy especial porque se est\u00e1n graduando <strong>56 ni\u00f1os y ni\u00f1as semilleros de la Patria<\/strong>,\nhijas e hijos de la fuerza trabajadora del sector el\u00e9ctrico, quienes se han\nformados en los Centros de Educaci\u00f3n Inicial. A partir de este momento, estos\nni\u00f1os comienzan un nuevo ciclo de formaci\u00f3n como es la primaria, una etapa de\ngrandes desaf\u00edos\u201d, expres\u00f3 <strong>Reverol<\/strong>.&nbsp; <\/p>\n\n\n\n<p>En ese sentido, reconoci\u00f3 el esfuerzo y la labor de las <strong>directoras y las maestras<\/strong> quienes han\nsido pieza fundamental en la formaci\u00f3n de los ni\u00f1os de cada centro de\neducaci\u00f3n. <\/p>\n\n\n\n<p>\u201cMi reconocimiento a las maestras que d\u00eda a d\u00eda dieron su\namor infinito hacia ellos como si fuesen sus verdaderos hijos, estamos seguro\nque con la formaci\u00f3n estos ni\u00f1os y ni\u00f1as ser\u00e1n hombres y mujeres de bien\u201d,\nafirm\u00f3.<\/p>\n\n\n\n<p><strong>Comienzo de una nueva\netapa <\/strong><\/p>\n\n\n\n<p>Por su parte, la directora del <strong>Centro Educativo \u201cDon Luis Zambrano\u201d,<\/strong> Yolanda Rodr\u00edguez, manifest\u00f3\nla importancia de esta actividad asegurando que es el inicio de una nueva etapa\nen la vida de estos ni\u00f1os. <\/p>\n\n\n\n<p>\u201cPara m\u00ed es un d\u00eda de alegr\u00eda, de muchas emociones, despu\u00e9s\nde muchos a\u00f1os de experiencias, de amor, de pasi\u00f3n, que le entregamos a\nnuestros ni\u00f1os hoy se nos van de nuestro preescolar. Se van a iniciar una nueva\netapa\u00bb, se\u00f1al\u00f3. <\/p>\n\n\n\n<p>Es importante resaltar que, con esta actividad, se contin\u00faa\ndando cumplimiento a la <strong>L\u00ednea de Trabajo\nN\u00b01 del Plan Estrat\u00e9gico del Mppee<\/strong>, dirigida a la protecci\u00f3n integral y\nbienestar de la fuerza trabajadora y su n\u00facleo familiar en materia laboral,\nsalud y formaci\u00f3n.<\/p>\n\n\n\n<p>Prensa Corpoelec \/ Maria Eugenia Delgado<\/p>\n","protected":false},"excerpt":{"rendered":"<p>Prensa Corpoelec \u2013 (Caracas 26\/07\/2022).- En el auditorio del Ministerio del Poder Popular para la Energ\u00eda El\u00e9ctrica (Mppee), en Caracas<\/p>\n","protected":false},"author":22,"featured_media":89375,"comment_status":"closed","ping_status":"open","sticky":false,"template":"","format":"standard","meta":{"footnotes":""},"categories":[1],"tags":[],"class_list":["post-89328","post","type-post","status-publish","format-standard","has-post-thumbnail","hentry","category-mppee"],"_links":{"self":[{"href":"https:\/\/mppee.gob.ve\/index.php?rest_route=\/wp\/v2\/posts\/89328","targetHints":{"allow":["GET"]}}],"collection":[{"href":"https:\/\/mppee.gob.ve\/index.php?rest_route=\/wp\/v2\/posts"}],"about":[{"href":"https:\/\/mppee.gob.ve\/index.php?rest_route=\/wp\/v2\/types\/post"}],"author":[{"embeddable":true,"href":"https:\/\/mppee.gob.ve\/index.php?rest_route=\/wp\/v2\/users\/22"}],"replies":[{"embeddable":true,"href":"https:\/\/mppee.gob.ve\/index.php?rest_route=%2Fwp%2Fv2%2Fcomments&post=89328"}],"version-history":[{"count":1,"href":"https:\/\/mppee.gob.ve\/index.php?rest_route=\/wp\/v2\/posts\/89328\/revisions"}],"predecessor-version":[{"id":89338,"href":"https:\/\/mppee.gob.ve\/index.php?rest_route=\/wp\/v2\/posts\/89328\/revisions\/89338"}],"wp:featuredmedia":[{"embeddable":true,"href":"https:\/\/mppee.gob.ve\/index.php?rest_route=\/wp\/v2\/media\/89375"}],"wp:attachment":[{"href":"https:\/\/mppee.gob.ve\/index.php?rest_route=%2Fwp%2Fv2%2Fmedia&parent=89328"}],"wp:term":[{"taxonomy":"category","embeddable":true,"href":"https:\/\/mppee.gob.ve\/index.php?rest_route=%2Fwp%2Fv2%2Fcategories&post=89328"},{"taxonomy":"post_tag","embeddable":true,"href":"https:\/\/mppee.gob.ve\/index.php?rest_route=%2Fwp%2Fv2%2Ftags&post=89328"}],"curies":[{"name":"wp","href":"https:\/\/api.w.org\/{rel}","templated":true}]}}