{"id":89331,"date":"2023-07-27T01:25:30","date_gmt":"2023-07-27T01:25:30","guid":{"rendered":"http:\/\/mppee.gob.ve\/?p=89331"},"modified":"2023-07-31T23:56:56","modified_gmt":"2023-07-31T23:56:56","slug":"autoridades-evaluan-proyectos-que-se-vienen-desarrollando-en-el-sistema-electrico-nacional","status":"publish","type":"post","link":"https:\/\/mppee.gob.ve\/?p=89331","title":{"rendered":"Autoridades eval\u00faan proyectos que se vienen desarrollando en el Sistema El\u00e9ctrico Nacional"},"content":{"rendered":"\n<p>Prensa MPPEE &#8211; (Caracas, 26\/07\/2023).- El <strong>Vicepresidente Sectorial de Obras P\u00fablicas\ny Servicios, G\/J N\u00e9stor Reverol<\/strong>, lider\u00f3 este mi\u00e9rcoles un <strong>Directorio Ampliado de Trabajo<\/strong> con los <strong>viceministros, gerentes, directores\ngenerales y presidentes de entes adscritos al Ministerio para la Energ\u00eda\nEl\u00e9ctrica (Mppee) y la Corporaci\u00f3n El\u00e9ctrica Nacional (Corpoelec).<\/strong><\/p>\n\n\n\n<p>Durante el encuentro se revisaron los diferentes proyectos\nque se vienen desarrollando en las \u00e1reas sustantivas del <strong>Sistema El\u00e9ctrico Nacional (SEN).<\/strong><\/p>\n\n\n\n<p>\u201cRevisamos las acciones emprendidas en todo el pa\u00eds con el <strong>1&#215;10 del Buen Gobierno<\/strong>, donde estamos\ntrabajando en corresponsabilidad con el Poder Popular\u201d, indic\u00f3 Reverol, desde\nla sede del Mppee en Caracas. <\/p>\n\n\n\n<p>Asimismo, destac\u00f3 que se evalu\u00f3 el <strong>mantenimiento del SEN<\/strong> y la <strong>recaudaci\u00f3n\nde recursos<\/strong> por consumo el\u00e9ctrico, a trav\u00e9s de la gerencia de\nComercializaci\u00f3n para consolidar un sistema autosustentable, as\u00ed como el\ndespliegue de proyectos en materia de<strong>\nenerg\u00edas alternativas.<\/strong><\/p>\n\n\n\n<p>Protecci\u00f3n integral de los trabajadores<\/p>\n\n\n\n<p>El tambi\u00e9n <strong>Ministro\npara la Energ\u00eda El\u00e9ctrica<\/strong> indic\u00f3 que se supervis\u00f3 los \u00e1mbitos de salud,\nalimentaci\u00f3n, vivienda y formaci\u00f3n que son una prioridad en la gesti\u00f3n del<strong> Gobierno Bolivariano <\/strong>liderado por el\npresidente constitucional, Nicol\u00e1s Maduro.<\/p>\n\n\n\n<p>\u201cSeguimos avanzando en el fortalecimiento del Sistema\nEl\u00e9ctrico Nacional y su fuerza trabajadora\u201d, finaliz\u00f3. <\/p>\n\n\n\n<p>Prensa MPPEE<\/p>\n","protected":false},"excerpt":{"rendered":"<p>Prensa MPPEE &#8211; (Caracas, 26\/07\/2023).- El Vicepresidente Sectorial de Obras P\u00fablicas y Servicios, G\/J N\u00e9stor Reverol, lider\u00f3 este mi\u00e9rcoles un<\/p>\n","protected":false},"author":22,"featured_media":89374,"comment_status":"closed","ping_status":"open","sticky":false,"template":"","format":"standard","meta":{"footnotes":""},"categories":[15],"tags":[],"class_list":["post-89331","post","type-post","status-publish","format-standard","has-post-thumbnail","hentry","category-nacionales"],"_links":{"self":[{"href":"https:\/\/mppee.gob.ve\/index.php?rest_route=\/wp\/v2\/posts\/89331","targetHints":{"allow":["GET"]}}],"collection":[{"href":"https:\/\/mppee.gob.ve\/index.php?rest_route=\/wp\/v2\/posts"}],"about":[{"href":"https:\/\/mppee.gob.ve\/index.php?rest_route=\/wp\/v2\/types\/post"}],"author":[{"embeddable":true,"href":"https:\/\/mppee.gob.ve\/index.php?rest_route=\/wp\/v2\/users\/22"}],"replies":[{"embeddable":true,"href":"https:\/\/mppee.gob.ve\/index.php?rest_route=%2Fwp%2Fv2%2Fcomments&post=89331"}],"version-history":[{"count":1,"href":"https:\/\/mppee.gob.ve\/index.php?rest_route=\/wp\/v2\/posts\/89331\/revisions"}],"predecessor-version":[{"id":89337,"href":"https:\/\/mppee.gob.ve\/index.php?rest_route=\/wp\/v2\/posts\/89331\/revisions\/89337"}],"wp:featuredmedia":[{"embeddable":true,"href":"https:\/\/mppee.gob.ve\/index.php?rest_route=\/wp\/v2\/media\/89374"}],"wp:attachment":[{"href":"https:\/\/mppee.gob.ve\/index.php?rest_route=%2Fwp%2Fv2%2Fmedia&parent=89331"}],"wp:term":[{"taxonomy":"category","embeddable":true,"href":"https:\/\/mppee.gob.ve\/index.php?rest_route=%2Fwp%2Fv2%2Fcategories&post=89331"},{"taxonomy":"post_tag","embeddable":true,"href":"https:\/\/mppee.gob.ve\/index.php?rest_route=%2Fwp%2Fv2%2Ftags&post=89331"}],"curies":[{"name":"wp","href":"https:\/\/api.w.org\/{rel}","templated":true}]}}