{"id":89334,"date":"2023-07-27T16:34:58","date_gmt":"2023-07-27T16:34:58","guid":{"rendered":"http:\/\/10.200.87.50\/mppee\/?p=89334"},"modified":"2023-08-01T00:20:55","modified_gmt":"2023-08-01T00:20:55","slug":"venezuela-y-la-olade-avanzan-en-la-integracion-energetica-regional","status":"publish","type":"post","link":"https:\/\/mppee.gob.ve\/?p=89334","title":{"rendered":"Venezuela y la OLADE avanzan en la integraci\u00f3n energ\u00e9tica regional"},"content":{"rendered":"\n<p>Prensa Mppee \u2013 (Caracas, 26\/07\/2023).- El&nbsp;<strong>vicepresidente Sectorial de Obras P\u00fablicas y Servicios, G\/J N\u00e9stor Reverol<\/strong>, se reuni\u00f3 este mi\u00e9rcoles con el&nbsp;<strong>Secretario Ejecutivo de la Organizaci\u00f3n Latinoamericana de Energ\u00eda (OLADE), Andr\u00e9s Rebolledo.<\/strong><\/p>\n\n\n<div class=\"wp-block-image\">\n<figure class=\"alignleft\"><img decoding=\"async\" src=\"http:\/\/intranet.mppee.gob.ve\/wordpress\/wp-content\/uploads\/2023\/07\/WhatsApp-Image-2023-07-26-at-8.18.19-PM-4-300x198.jpeg\" alt=\"\" class=\"wp-image-16074\"\/><\/figure>\n<\/div>\n\n\n<p>Encuentro que tiene el objetivo de&nbsp;<strong>fomentar la integraci\u00f3n energ\u00e9tica regional<\/strong>, y promover la cooperaci\u00f3n y el desarrollo en el&nbsp;<strong>sector energ\u00e9tico<\/strong>&nbsp;en A<strong>m\u00e9rica Latina y el Caribe.<\/strong><\/p>\n\n\n\n<p>\u201cEsta cooperaci\u00f3n ha permitido avanzar en la consolidaci\u00f3n de un&nbsp;<strong>sector energ\u00e9tico<\/strong>&nbsp;m\u00e1s sostenible, estable y diversificado\u201d, enfatiz\u00f3 Reverol.<\/p>\n\n\n\n<p>Venezuela ocupa la Presidencia Pro Tempore de este organismo, donde ha participado activamente en las diversas iniciativas y programas para el desarrollo del sector energ\u00e9tico.<\/p>\n\n\n<div class=\"wp-block-image\">\n<figure class=\"alignright\"><img decoding=\"async\" src=\"http:\/\/intranet.mppee.gob.ve\/wordpress\/wp-content\/uploads\/2023\/07\/WhatsApp-Image-2023-07-26-at-8.18.19-PM-2-300x200.jpeg\" alt=\"\" class=\"wp-image-16075\"\/><\/figure>\n<\/div>\n\n\n<p>\u201cSeguimos avanzando en materia energ\u00e9tica con una visi\u00f3n integradora\u201d, dijo el&nbsp;<strong>Ministro del Poder Popular para la Energ\u00eda El\u00e9ctrica (Mppee).<\/strong><\/p>\n\n\n\n<p>Prensa Mppee<\/p>\n","protected":false},"excerpt":{"rendered":"<p>Prensa Mppee \u2013 (Caracas, 26\/07\/2023).- El&nbsp;vicepresidente Sectorial de Obras P\u00fablicas y Servicios, G\/J N\u00e9stor Reverol, se reuni\u00f3 este mi\u00e9rcoles con<\/p>\n","protected":false},"author":22,"featured_media":89335,"comment_status":"closed","ping_status":"closed","sticky":false,"template":"","format":"standard","meta":{"footnotes":""},"categories":[15],"tags":[46],"class_list":["post-89334","post","type-post","status-publish","format-standard","has-post-thumbnail","hentry","category-nacionales","tag-venezuela"],"_links":{"self":[{"href":"https:\/\/mppee.gob.ve\/index.php?rest_route=\/wp\/v2\/posts\/89334","targetHints":{"allow":["GET"]}}],"collection":[{"href":"https:\/\/mppee.gob.ve\/index.php?rest_route=\/wp\/v2\/posts"}],"about":[{"href":"https:\/\/mppee.gob.ve\/index.php?rest_route=\/wp\/v2\/types\/post"}],"author":[{"embeddable":true,"href":"https:\/\/mppee.gob.ve\/index.php?rest_route=\/wp\/v2\/users\/22"}],"replies":[{"embeddable":true,"href":"https:\/\/mppee.gob.ve\/index.php?rest_route=%2Fwp%2Fv2%2Fcomments&post=89334"}],"version-history":[{"count":1,"href":"https:\/\/mppee.gob.ve\/index.php?rest_route=\/wp\/v2\/posts\/89334\/revisions"}],"predecessor-version":[{"id":89336,"href":"https:\/\/mppee.gob.ve\/index.php?rest_route=\/wp\/v2\/posts\/89334\/revisions\/89336"}],"wp:featuredmedia":[{"embeddable":true,"href":"https:\/\/mppee.gob.ve\/index.php?rest_route=\/wp\/v2\/media\/89335"}],"wp:attachment":[{"href":"https:\/\/mppee.gob.ve\/index.php?rest_route=%2Fwp%2Fv2%2Fmedia&parent=89334"}],"wp:term":[{"taxonomy":"category","embeddable":true,"href":"https:\/\/mppee.gob.ve\/index.php?rest_route=%2Fwp%2Fv2%2Fcategories&post=89334"},{"taxonomy":"post_tag","embeddable":true,"href":"https:\/\/mppee.gob.ve\/index.php?rest_route=%2Fwp%2Fv2%2Ftags&post=89334"}],"curies":[{"name":"wp","href":"https:\/\/api.w.org\/{rel}","templated":true}]}}