{"id":89382,"date":"2023-07-28T00:18:13","date_gmt":"2023-07-28T00:18:13","guid":{"rendered":"http:\/\/mppee.gob.ve\/?p=89382"},"modified":"2023-08-01T00:20:06","modified_gmt":"2023-08-01T00:20:06","slug":"venezuela-conmemora-69-anos-del-natalicio-del-lider-eterno-de-la-revolucion-bolivariana-hugo-chavez","status":"publish","type":"post","link":"https:\/\/mppee.gob.ve\/?p=89382","title":{"rendered":"Venezuela conmemora 69 a\u00f1os del natalicio del L\u00edder Eterno de la Revoluci\u00f3n Bolivariana, Hugo Ch\u00e1vez"},"content":{"rendered":"\n<p><strong>Prensa Mppee \u2013 (Caracas 28\/07\/2023).-<\/strong>&nbsp;El&nbsp;<strong>presidente de la Rep\u00fablica Bolivariana de Venezuela, Nicol\u00e1s Maduro<\/strong>, conmemor\u00f3 este viernes los&nbsp;<strong>69 a\u00f1os del<\/strong>&nbsp;<strong>natalicio del L\u00edder Eterno de la Revoluci\u00f3n Bolivariana, Hugo Ch\u00e1vez.<\/strong><\/p>\n\n\n\n<p>A trav\u00e9s de su cuenta en la red social Twitter el&nbsp;<strong>Jefe de Estado<\/strong>&nbsp;asever\u00f3 que el ejemplo y las ense\u00f1anzas del&nbsp;<strong>Comandante Ch\u00e1vez<\/strong>&nbsp;son una poderosa fuerza inspiradora para todos los pueblos que luchan por una humanidad m\u00e1s justa.<\/p>\n\n\n\n<p>Record\u00f3 igualmente que&nbsp;<strong>Ch\u00e1vez<\/strong>&nbsp;enfrent\u00f3 incontables dificultades para defender el derecho de todas y todos a una vida digna. Sus ideas levantaron una gran ola de conciencia y movimientos populares en nuestro continente y con su ejemplo y sus ense\u00f1anzas son el combustible que mueve el motor invencible de la&nbsp;<strong>Revoluci\u00f3n Bolivariana.<\/strong><\/p>\n\n\n<div class=\"wp-block-image\">\n<figure class=\"alignright\"><img decoding=\"async\" src=\"http:\/\/intranet.mppee.gob.ve\/wordpress\/wp-content\/uploads\/2023\/07\/1680314698585278165xg-300x169.jpg\" alt=\"\" class=\"wp-image-16080\"\/><\/figure>\n<\/div>\n\n\n<p>\u201cEl recuerdo del&nbsp;<strong>Comandante Hugo Ch\u00e1vez<\/strong>&nbsp;nos hace mirarnos hacia adentro, nos provoca una sonrisa y nos saca una l\u00e1grima; su ejemplo y ense\u00f1anzas son una poderosa fuerza inspiradora para este y todos los pueblos que luchan por una humanidad m\u00e1s justa. Junto al pueblo decimos: \u00a1Felices 69 A\u00f1os Comandante!\u201d, escribi\u00f3 en su cuenta en la red social Twitter @NicolasMaduro.<\/p>\n\n\n\n<h2 class=\"wp-block-heading\"><strong>Ejemplo de amor por su pueblo<\/strong><\/h2>\n\n\n\n<p>Por su parte, el&nbsp;<strong>Vicepresidente Sectorial de Obras P\u00fablicas y Servicios, G\/J N\u00e9stor Reverol,<\/strong>&nbsp;record\u00f3 al&nbsp;<strong>Comandante Ch\u00e1vez<\/strong>&nbsp;por el gran ejemplo de amor por su pueblo, un hombre de ideales firmes en defensa de la paz y la integridad del pueblo venezolano.<\/p>\n\n\n\n<p>\u201cHoy recordamos su natalicio desde la admiraci\u00f3n, siguiendo su legado en cada desaf\u00edo y afianzando sus palabras de lucha en las batallas a\u00fan por enfrentar. Vivir\u00e1s por siempre en los corazones de quienes te admiramos con profundo respeto\u201d, rese\u00f1\u00f3 en su cuenta en Instagram @reverolnestor.<\/p>\n\n\n\n<p>Vale destacar que, como parte de la conmemoraci\u00f3n del&nbsp;<strong>cumplea\u00f1os del Comandante Hugo Ch\u00e1vez<\/strong>, el Poder Popular realiz\u00f3 un ca\u00f1onazo en el Cuartel de la Monta\u00f1a, ubicado en la parroquia 23 de Enero, en Caracas.<\/p>\n\n\n\n<p>Por otro lado, en el estado Barinas, se llev\u00f3 a cabo un cohetazo para celebrar esta fecha tan importante para el pueblo venezolano, y en especial para esta regi\u00f3n, donde naci\u00f3 el&nbsp;<strong>gigante Ch\u00e1vez.<\/strong><\/p>\n","protected":false},"excerpt":{"rendered":"<p>Prensa Mppee \u2013 (Caracas 28\/07\/2023).-&nbsp;El&nbsp;presidente de la Rep\u00fablica Bolivariana de Venezuela, Nicol\u00e1s Maduro, conmemor\u00f3 este viernes los&nbsp;69 a\u00f1os del&nbsp;natalicio del<\/p>\n","protected":false},"author":22,"featured_media":89383,"comment_status":"closed","ping_status":"closed","sticky":false,"template":"","format":"standard","meta":{"footnotes":""},"categories":[15],"tags":[46],"class_list":["post-89382","post","type-post","status-publish","format-standard","has-post-thumbnail","hentry","category-nacionales","tag-venezuela"],"_links":{"self":[{"href":"https:\/\/mppee.gob.ve\/index.php?rest_route=\/wp\/v2\/posts\/89382","targetHints":{"allow":["GET"]}}],"collection":[{"href":"https:\/\/mppee.gob.ve\/index.php?rest_route=\/wp\/v2\/posts"}],"about":[{"href":"https:\/\/mppee.gob.ve\/index.php?rest_route=\/wp\/v2\/types\/post"}],"author":[{"embeddable":true,"href":"https:\/\/mppee.gob.ve\/index.php?rest_route=\/wp\/v2\/users\/22"}],"replies":[{"embeddable":true,"href":"https:\/\/mppee.gob.ve\/index.php?rest_route=%2Fwp%2Fv2%2Fcomments&post=89382"}],"version-history":[{"count":1,"href":"https:\/\/mppee.gob.ve\/index.php?rest_route=\/wp\/v2\/posts\/89382\/revisions"}],"predecessor-version":[{"id":89384,"href":"https:\/\/mppee.gob.ve\/index.php?rest_route=\/wp\/v2\/posts\/89382\/revisions\/89384"}],"wp:featuredmedia":[{"embeddable":true,"href":"https:\/\/mppee.gob.ve\/index.php?rest_route=\/wp\/v2\/media\/89383"}],"wp:attachment":[{"href":"https:\/\/mppee.gob.ve\/index.php?rest_route=%2Fwp%2Fv2%2Fmedia&parent=89382"}],"wp:term":[{"taxonomy":"category","embeddable":true,"href":"https:\/\/mppee.gob.ve\/index.php?rest_route=%2Fwp%2Fv2%2Fcategories&post=89382"},{"taxonomy":"post_tag","embeddable":true,"href":"https:\/\/mppee.gob.ve\/index.php?rest_route=%2Fwp%2Fv2%2Ftags&post=89382"}],"curies":[{"name":"wp","href":"https:\/\/api.w.org\/{rel}","templated":true}]}}