{"id":89391,"date":"2023-08-01T23:42:52","date_gmt":"2023-08-01T23:42:52","guid":{"rendered":"http:\/\/mppee.gob.ve\/?p=89391"},"modified":"2023-08-01T23:42:52","modified_gmt":"2023-08-01T23:42:52","slug":"reconocen-a-mas-de-7-mil-trabajadores-de-corpoelec-por-su-entrega-y-compromiso-para-fortalecer-el-sen","status":"publish","type":"post","link":"https:\/\/mppee.gob.ve\/?p=89391","title":{"rendered":"Reconocen a m\u00e1s de 7 mil trabajadores de Corpoelec por su entrega y compromiso para fortalecer el SEN"},"content":{"rendered":"\n<p>Prensa Mppee \u2013 (Caracas, 01\/08\/2023).- Un total de&nbsp;<strong>7 mil 297 trabajadores de la Corporaci\u00f3n El\u00e9ctrica Nacional (Corpoelec)&nbsp;<\/strong>fueron reconocidos en todo el pa\u00eds este martes, por su loable labor dentro de la instituci\u00f3n que est\u00e1 semana cumpli\u00f3 su&nbsp;<strong>d\u00e9cimo sexto aniversario<\/strong>.<\/p>\n\n\n\n<p>As\u00ed lo dio a conocer el&nbsp;<strong>vicepresidente Sectorial de Obras P\u00fablicas y Servicios, G\/J N\u00e9stor Reverol,<\/strong>&nbsp;quien condecor\u00f3 con las&nbsp;<strong>\u00f3rdenes \u201cFrancisco de Miranda\u201d y \u201cDon Luis Zambrano\u201d&nbsp;<\/strong>a 587 hombres y mujeres pertenecientes a la Corporaci\u00f3n de la Regi\u00f3n Capital.<\/p>\n\n\n<div class=\"wp-block-image\">\n<figure class=\"alignright\"><img decoding=\"async\" src=\"http:\/\/intranet.mppee.gob.ve\/wordpress\/wp-content\/uploads\/2023\/08\/WhatsApp-Image-2023-08-01-at-5.54.17-PM-1-300x200.jpeg\" alt=\"\" class=\"wp-image-16093\"\/><\/figure>\n<\/div>\n\n\n<p>\u201cEste es un acto de esperanza y optimismo, es un acto, no solo de reconocimiento sino de soberan\u00eda, de independencia y de autodeterminaci\u00f3n, donde agradecemos y distinguimos la importancia de los hombres y mujeres que trabajan continuamente por&nbsp;<strong>proteger, optimizar, fortalecer y estabilizar&nbsp;<\/strong>el&nbsp;<strong>Servicio El\u00e9ctrico<\/strong>&nbsp;del pa\u00eds\u201d, indic\u00f3 Reverol, desde el&nbsp;<strong>Teatro de la Academia Militar de la Guardia Nacional Bolivariana, Fuerte Tiuna, en Caracas.<\/strong><\/p>\n\n\n\n<p>En tal sentido, Reverol manifest\u00f3 su orgullo de ser el&nbsp;<strong>Ministro del Poder Popular para la Energ\u00eda El\u00e9ctrica (Mppee)<\/strong>, \u201cporque ustedes han hecho posible con su ingenio el fortalecimiento del sector el\u00e9ctrico para los venezolanos y venezolanas\u201d.<\/p>\n\n\n\n<p>\u201cUstedes mantienen el&nbsp;<strong>Sistema El\u00e9ctrico Nacional<\/strong>&nbsp;desarrollando su inventiva, usando sus manos para fabricar transformadores, la recuperaci\u00f3n de veh\u00edculos y otros tantos recursos necesarios para su funcionamiento\u201d, enfatiz\u00f3.<\/p>\n\n\n\n<p>Por su parte, el&nbsp;<strong>presidente de Corpoelec, Ing. Jos\u00e9 Luis Betancourt<\/strong>, resalt\u00f3 el compromiso que tiene la fuerza trabajadora con el SEN. \u201cLa fuerza trabajadora ha demostrado todo su compromiso en los momentos m\u00e1s dif\u00edciles que hemos atravesado en este sector, pese a las sanciones, seguimos adelante brind\u00e1ndoles un servicio el\u00e9ctrico confiable, seguro y contin\u00fao a nuestro pueblo venezolano\u201d, concluy\u00f3.<\/p>\n\n\n\n<p><strong>Bienestar social la fuerza trabajadora<\/strong><\/p>\n\n\n\n<p>Uno de los pilares del sector el\u00e9ctrico es y ser\u00e1 garantizar el bienestar social y crecimiento profesional de los m\u00e1s de 32 mil trabajadores, a trav\u00e9s de la&nbsp;<strong>Asociaci\u00f3n Civil del Ministerio del Poder Popular para la Energ\u00eda El\u00e9ctrica (Asoelec).<\/strong><\/p>\n\n\n<div class=\"wp-block-image\">\n<figure class=\"alignleft\"><img decoding=\"async\" src=\"http:\/\/intranet.mppee.gob.ve\/wordpress\/wp-content\/uploads\/2023\/08\/WhatsApp-Image-2023-08-01-at-5.54.16-PM-1-300x177.jpeg\" alt=\"\" class=\"wp-image-16094\"\/><\/figure>\n<\/div>\n\n\n<p>Muestra de ello es la creaci\u00f3n del&nbsp;<strong>Fondo Autoadministrado de Salud del Ministerio del Poder Popular para la Energ\u00eda El\u00e9ctrica (Fasmee)<\/strong>, el&nbsp;<strong>Centro Textil de Chacao<\/strong>, la&nbsp;<strong>Fundaci\u00f3n de Servicio de Alimentaci\u00f3n para los Trabajadores y Trabajadoras del Sector El\u00e9ctrico Nacional (Funsasen)<\/strong>, as\u00ed como Plan de Meriendas para los hijos e hijas y habilitaci\u00f3n del Gimnasio \u201cEnerg\u00eda Fit\u201d, entre otros.<\/p>\n\n\n\n<p><strong>Formaci\u00f3n para los trabajadores<\/strong><\/p>\n\n\n\n<p>Igualmente, se han suscrito convenios en materia de&nbsp;<strong>educaci\u00f3n y formaci\u00f3n<\/strong>&nbsp;t\u00e9cnica para el fortalecimiento de la capacitaci\u00f3n de la fuerza trabajadora del pa\u00eds, entre ellos:<\/p>\n\n\n\n<ul class=\"wp-block-list\">\n<li>El Convenio de Cooperaci\u00f3n entre Corpoelec y el Instituto Nacional de Capacitaci\u00f3n y Educaci\u00f3n Socialista (Inces).<\/li>\n<\/ul>\n\n\n\n<ul class=\"wp-block-list\">\n<li>&nbsp;El Convenio Marco de Cooperaci\u00f3n Acad\u00e9mica, Socio Productivo, Cient\u00edfico firmado entre el Mppee y la Misi\u00f3n Ribas.<\/li>\n<\/ul>\n\n\n\n<ul class=\"wp-block-list\">\n<li>&nbsp;Convenio establecido entre el Mppee con la Universidad Cat\u00f3lica Santa Rosa (Ucsar).<\/li>\n<\/ul>\n\n\n\n<ul class=\"wp-block-list\">\n<li>&nbsp;La creaci\u00f3n de la Universidad Nacional Experimental de Especialidades El\u00e9ctricas (Unexee), ubicada en el coraz\u00f3n energ\u00e9tico del pa\u00eds, en Guri.<\/li>\n<\/ul>\n\n\n\n<ul class=\"wp-block-list\">\n<li>Con la Universidad Nacional Experimental del Magisterio \u201cSamuel Robinson\u201d, se han puesto en marcha el diplomado de \u201cTutores Laborales para la profesionalizaci\u00f3n en el trabajo\u201d para la formaci\u00f3n 293 facilitadores internos y con el apoyo de 48 docentes de UNEMSR.<\/li>\n<\/ul>\n\n\n\n<p>Agreg\u00f3 que en las pr\u00f3ximas semanas ser\u00e1 la graduaci\u00f3n de 337 ingenieros el\u00e9ctricos y t\u00e9cnicos superiores en electricidad por acreditaci\u00f3n de saberes de la Unexee Tambi\u00e9n anunci\u00f3 que iniciar\u00e1 el proceso de recuperaci\u00f3n de la Escuela de T\u00e9cnicos y Linieros de Tocuyito, \u201cGerm\u00e1n Celis Saune\u201d; la Creaci\u00f3n del \u201cColegio de Educaci\u00f3n B\u00e1sica\u201d para los hijos de la fuerza trabajadora; Instalaci\u00f3n de equipos m\u00e9dicos de \u00faltima generaci\u00f3n (Rayos X, Ecosonograma y C\u00e1mara Hiperb\u00e1rica) para el tratamiento de diferentes patolog\u00edas; Dotaci\u00f3n semestral de uniformes y continuidad al Plan de Asignaci\u00f3n de Viviendas.<\/p>\n\n\n\n<p>Prensa Mppee<\/p>\n","protected":false},"excerpt":{"rendered":"<p>Prensa Mppee \u2013 (Caracas, 01\/08\/2023).- Un total de&nbsp;7 mil 297 trabajadores de la Corporaci\u00f3n El\u00e9ctrica Nacional (Corpoelec)&nbsp;fueron reconocidos en todo<\/p>\n","protected":false},"author":22,"featured_media":89393,"comment_status":"closed","ping_status":"closed","sticky":false,"template":"","format":"standard","meta":{"footnotes":""},"categories":[15],"tags":[],"class_list":["post-89391","post","type-post","status-publish","format-standard","has-post-thumbnail","hentry","category-nacionales"],"_links":{"self":[{"href":"https:\/\/mppee.gob.ve\/index.php?rest_route=\/wp\/v2\/posts\/89391","targetHints":{"allow":["GET"]}}],"collection":[{"href":"https:\/\/mppee.gob.ve\/index.php?rest_route=\/wp\/v2\/posts"}],"about":[{"href":"https:\/\/mppee.gob.ve\/index.php?rest_route=\/wp\/v2\/types\/post"}],"author":[{"embeddable":true,"href":"https:\/\/mppee.gob.ve\/index.php?rest_route=\/wp\/v2\/users\/22"}],"replies":[{"embeddable":true,"href":"https:\/\/mppee.gob.ve\/index.php?rest_route=%2Fwp%2Fv2%2Fcomments&post=89391"}],"version-history":[{"count":1,"href":"https:\/\/mppee.gob.ve\/index.php?rest_route=\/wp\/v2\/posts\/89391\/revisions"}],"predecessor-version":[{"id":89394,"href":"https:\/\/mppee.gob.ve\/index.php?rest_route=\/wp\/v2\/posts\/89391\/revisions\/89394"}],"wp:featuredmedia":[{"embeddable":true,"href":"https:\/\/mppee.gob.ve\/index.php?rest_route=\/wp\/v2\/media\/89393"}],"wp:attachment":[{"href":"https:\/\/mppee.gob.ve\/index.php?rest_route=%2Fwp%2Fv2%2Fmedia&parent=89391"}],"wp:term":[{"taxonomy":"category","embeddable":true,"href":"https:\/\/mppee.gob.ve\/index.php?rest_route=%2Fwp%2Fv2%2Fcategories&post=89391"},{"taxonomy":"post_tag","embeddable":true,"href":"https:\/\/mppee.gob.ve\/index.php?rest_route=%2Fwp%2Fv2%2Ftags&post=89391"}],"curies":[{"name":"wp","href":"https:\/\/api.w.org\/{rel}","templated":true}]}}