{"id":89395,"date":"2023-08-02T19:31:35","date_gmt":"2023-08-02T19:31:35","guid":{"rendered":"http:\/\/mppee.gob.ve\/?p=89395"},"modified":"2023-08-02T19:31:36","modified_gmt":"2023-08-02T19:31:36","slug":"inicia-1er-encuentro-tecnico-cientifico-popular-para-el-rescate-conservacion-y-desarrollo-sostenible-del-lago-de-maracaibo","status":"publish","type":"post","link":"https:\/\/mppee.gob.ve\/?p=89395","title":{"rendered":"Inicia 1er. Encuentro T\u00e9cnico-Cient\u00edfico Popular para el Rescate, Conservaci\u00f3n y Desarrollo Sostenible del Lago de Maracaibo"},"content":{"rendered":"\n<p><strong>Prensa VPSOPS \u2013 (Zulia, 02\/08\/2023).-<\/strong>&nbsp;El&nbsp;<strong>vicepresidente Sectorial de Obras P\u00fablicas y Servicios, G\/J N\u00e9stor Reverol<\/strong>, dio apertura al&nbsp;<strong>1er. Encuentro T\u00e9cnico-Cient\u00edfico Popular para el Rescate, Conservaci\u00f3n y Desarrollo Sostenible del Lago de Maracaibo<\/strong>, en el estado&nbsp;<strong>Zulia<\/strong>, el cual se llevar\u00e1 a cabo este mi\u00e9rcoles y jueves.<\/p>\n\n\n\n<p>Acompa\u00f1ado de un tercio de los integrantes de la&nbsp;<strong>Vicepresidencia de Obras P\u00fablicas y Servicios<\/strong>, el General en Jefe destac\u00f3 que \u201ceste encuentro, en el que convergen actores cient\u00edficos pol\u00edticos y sociales de los cuatros niveles de&nbsp;<strong>Gobierno Nacional, Regional, Municipal y Popular<\/strong>, constituye un esfuerzo consciente y comprometido del&nbsp;<strong>Gobierno Bolivariano<\/strong>&nbsp;dirigido por nuestro&nbsp;<strong>presidente de la Rep\u00fablica, Nicol\u00e1s Maduro<\/strong>\u201d.<\/p>\n\n\n<div class=\"wp-block-image\">\n<figure class=\"alignright\"><img decoding=\"async\" src=\"http:\/\/intranet.mppee.gob.ve\/wordpress\/wp-content\/uploads\/2023\/08\/WhatsApp-Image-2023-08-02-at-1.14.45-PM-300x200.jpeg\" alt=\"\" class=\"wp-image-16100\"\/><\/figure>\n<\/div>\n\n\n<p>Agreg\u00f3 que fueron&nbsp;<strong>convocados m\u00e1s de 300 actores<\/strong>&nbsp;del quehacer cient\u00edfico, pol\u00edtico y social del pa\u00eds, especialmente de la regi\u00f3n zuliana donde el Lago representa uno de los valores m\u00e1s importantes, porque ha estado inexorablemente unida al desarrollo del pueblo que por generaciones ha vivido su grandeza y esplendor.<\/p>\n\n\n\n<p>Se suman las autoridades regionales encabezadas por el Gobernador de la entidad Manuel Rosales, as\u00ed como el Poder Popular en un esfuerzo colectivo para un bien com\u00fan.<\/p>\n\n\n\n<p>El&nbsp;<strong>Vicepresidente Sectorial<\/strong>&nbsp;inform\u00f3 que este encuentro est\u00e1 conformado por seis Mesas de Trabajo para debatir un mismo n\u00famero de v\u00e9rtices, con el fin de crear un&nbsp;<strong>Plan Estrat\u00e9gico con l\u00edneas estrat\u00e9gicas y acciones program\u00e1ticas<\/strong>, que contribuyan al seguimiento y control de toda la planificaci\u00f3n que se van a emprender.<\/p>\n\n\n\n<p><strong>6 V\u00e9rtices de Acci\u00f3n<\/strong><\/p>\n\n\n\n<p>El&nbsp;<strong>Plan Estrat\u00e9gico contempla 6 v\u00e9rtices de acci\u00f3n<\/strong>: El primero, Monitoreo,&nbsp;<strong>Caracterizaci\u00f3n y Diagn\u00f3stico de Aguas y Ecosistemas del Lago de Maracaibo<\/strong>, referido al sistema de alertas tempranas; Restauraci\u00f3n de ecosistemas lacustres y Red de monitoreo y Evaluaci\u00f3n de variable ambientales.<\/p>\n\n\n\n<p>Con el&nbsp;<strong>segundo v\u00e9rtice, Poder Popular y Gobernanza<\/strong>, se incorporar\u00e1n diversas comunidades para la planificaci\u00f3n y ejecuci\u00f3n de acciones del manejo sostenible del Lago; mientras que el tercero,&nbsp;<strong>Emisiones y Afluentes<\/strong>, est\u00e1 vinculado a la prevenci\u00f3n de derrames y manejo de residuos petroleros, as\u00ed como al fomento de la reutilizaci\u00f3n y el reciclaje de residuos.<\/p>\n\n\n\n<p>En lo que respecta al&nbsp;<strong>cuarto v\u00e9rtice, Recuperaci\u00f3n y Restauraci\u00f3n de la Cobertura Vegetal de la Cuenca del Lago de Maracaibo<\/strong>, contempla la reforestaci\u00f3n y el manejo de la proliferaci\u00f3n de las microalgas en el Lago.<\/p>\n\n\n<div class=\"wp-block-image\">\n<figure class=\"alignleft\"><img decoding=\"async\" src=\"http:\/\/intranet.mppee.gob.ve\/wordpress\/wp-content\/uploads\/2023\/08\/WhatsApp-Image-2023-08-02-at-1.14.43-PM-300x200.jpeg\" alt=\"\" class=\"wp-image-16101\"\/><\/figure>\n<\/div>\n\n\n<p>El&nbsp;<strong>quinto v\u00e9rtice se basa en la Formaci\u00f3n, Investigaci\u00f3n y Divulgaci\u00f3n Clim\u00e1tica, sobre al aumento progresivo de la temperatura del Lago de Maracaibo<\/strong>&nbsp;como consecuencia de los efectos de las microalgas. Tambi\u00e9n incluye una Campa\u00f1a de Concientizaci\u00f3n en todos los niveles educativos.<\/p>\n\n\n\n<p>Asimismo, el&nbsp;<strong>sexto v\u00e9rtice se refiere a la Seguridad y Guarder\u00eda Ambiental, con la fiscalizaci\u00f3n e inspecci\u00f3n a las industrias y empresas que funcionan alrededor del Lago<\/strong>, adem\u00e1s del control y vigilancia marino costera en los espacios recuperados del Lago.<\/p>\n\n\n\n<p>\u201cNo venimos a prometer cosas aqu\u00ed que no vamos a cumplir, venimos hacer un plan serio junto al pueblo que es el que sabe\u201d, finaliz\u00f3.<\/p>\n\n\n\n<p>Prensa VPSOPS<\/p>\n","protected":false},"excerpt":{"rendered":"<p>Prensa VPSOPS \u2013 (Zulia, 02\/08\/2023).-&nbsp;El&nbsp;vicepresidente Sectorial de Obras P\u00fablicas y Servicios, G\/J N\u00e9stor Reverol, dio apertura al&nbsp;1er. Encuentro T\u00e9cnico-Cient\u00edfico Popular<\/p>\n","protected":false},"author":22,"featured_media":89396,"comment_status":"closed","ping_status":"closed","sticky":false,"template":"","format":"standard","meta":{"footnotes":""},"categories":[30],"tags":[],"class_list":["post-89395","post","type-post","status-publish","format-standard","has-post-thumbnail","hentry","category-regionales"],"_links":{"self":[{"href":"https:\/\/mppee.gob.ve\/index.php?rest_route=\/wp\/v2\/posts\/89395","targetHints":{"allow":["GET"]}}],"collection":[{"href":"https:\/\/mppee.gob.ve\/index.php?rest_route=\/wp\/v2\/posts"}],"about":[{"href":"https:\/\/mppee.gob.ve\/index.php?rest_route=\/wp\/v2\/types\/post"}],"author":[{"embeddable":true,"href":"https:\/\/mppee.gob.ve\/index.php?rest_route=\/wp\/v2\/users\/22"}],"replies":[{"embeddable":true,"href":"https:\/\/mppee.gob.ve\/index.php?rest_route=%2Fwp%2Fv2%2Fcomments&post=89395"}],"version-history":[{"count":1,"href":"https:\/\/mppee.gob.ve\/index.php?rest_route=\/wp\/v2\/posts\/89395\/revisions"}],"predecessor-version":[{"id":89397,"href":"https:\/\/mppee.gob.ve\/index.php?rest_route=\/wp\/v2\/posts\/89395\/revisions\/89397"}],"wp:featuredmedia":[{"embeddable":true,"href":"https:\/\/mppee.gob.ve\/index.php?rest_route=\/wp\/v2\/media\/89396"}],"wp:attachment":[{"href":"https:\/\/mppee.gob.ve\/index.php?rest_route=%2Fwp%2Fv2%2Fmedia&parent=89395"}],"wp:term":[{"taxonomy":"category","embeddable":true,"href":"https:\/\/mppee.gob.ve\/index.php?rest_route=%2Fwp%2Fv2%2Fcategories&post=89395"},{"taxonomy":"post_tag","embeddable":true,"href":"https:\/\/mppee.gob.ve\/index.php?rest_route=%2Fwp%2Fv2%2Ftags&post=89395"}],"curies":[{"name":"wp","href":"https:\/\/api.w.org\/{rel}","templated":true}]}}