{"id":89398,"date":"2023-08-03T00:04:32","date_gmt":"2023-08-03T00:04:32","guid":{"rendered":"http:\/\/mppee.gob.ve\/?p=89398"},"modified":"2023-08-04T15:35:45","modified_gmt":"2023-08-04T15:35:45","slug":"realizan-jornadas-medicas-integral-para-la-fuerza-trabajadora-del-sen","status":"publish","type":"post","link":"https:\/\/mppee.gob.ve\/?p=89398","title":{"rendered":"Realizan Jornada M\u00e9dica Integral para la fuerza trabajadora del SEN"},"content":{"rendered":"\n<p><strong>Prensa Corpoelec \u2013 (Caracas 02\/08\/2023). \u2013<\/strong>&nbsp;Como parte de la&nbsp;<strong>Celebraci\u00f3n del XVI aniversario de la Corporaci\u00f3n El\u00e9ctrica Nacional (Corpoelec)<\/strong>, este mi\u00e9rcoles se realiz\u00f3 en todo el pa\u00eds Jornadas M\u00e9dicas Integral para la&nbsp;<strong>fuerza trabajadora del sector el\u00e9ctrico.<\/strong><\/p>\n\n\n\n<p>Durante la actividad se brind\u00f3 asistencia m\u00e9dica en las siguientes especialidades: Odontolog\u00eda, Oftalmolog\u00eda, Pediatr\u00eda, Medicina General, Rayos X y Ginecolog\u00eda entre otras, sumando un total de &nbsp;<strong>1.726 atenciones.<\/strong><\/p>\n\n\n<div class=\"wp-block-image\">\n<figure class=\"alignright\"><img decoding=\"async\" src=\"http:\/\/intranet.mppee.gob.ve\/wordpress\/wp-content\/uploads\/2023\/08\/WhatsApp-Image-2023-08-02-at-6.16.45-PM-1-300x200.jpeg\" alt=\"\" class=\"wp-image-16104\"\/><\/figure>\n<\/div>\n\n\n<p>Desde la sede del M\u00e1rquez, en el estado Miranda el&nbsp;<strong>presidente de la Corporaci\u00f3n, Ing. Jos\u00e9 Luis Betancourt<\/strong>, en compa\u00f1\u00eda del&nbsp;<strong>Coronel Rafael Betancourt, presidente de Fondo Autoadministrado de Salud del Ministerio del Poder Popular para la Energ\u00eda El\u00e9ctrica (Fasmee)&nbsp;<\/strong>manifest\u00f3 la importancia de seguir garantizando el bienestar de los trabajadores.<\/p>\n\n\n\n<p>\u201cEstamos celebrando los&nbsp;<strong>16 a\u00f1os de aniversario<\/strong>&nbsp;que tiene la corporaci\u00f3n, cuando nuestro&nbsp;<strong>Comandante Ch\u00e1vez<\/strong>&nbsp;decidi\u00f3 unificar las 14 empresas filiales a una sola.&nbsp; Ac\u00e1 estamos, celebrando de la mejor manera atendiendo de manera integral a todos los trabajadores trabajadoras y a su contexto familiar del sector el\u00e9ctrico\u201d, expres\u00f3.<\/p>\n\n\n\n<p>Destac\u00f3 que los trabajadores pudieron disfrutar igualmente de la venta de combos proteicos, hortalizas, calzado, art\u00edculos de limpieza, alimentos b\u00e1sicos, adem\u00e1s de la entrega de medicamentos y ayudas t\u00e9cnicas por parte de la&nbsp;<strong>Asociaci\u00f3n Civil del Ministerio para la Energ\u00eda El\u00e9ctrica (Asoelec).<\/strong><\/p>\n\n\n<div class=\"wp-block-image\">\n<figure class=\"alignleft\"><img decoding=\"async\" src=\"http:\/\/intranet.mppee.gob.ve\/wordpress\/wp-content\/uploads\/2023\/08\/WhatsApp-Image-2023-08-02-at-6.16.47-PM-3-300x200.jpeg\" alt=\"\" class=\"wp-image-16105\"\/><\/figure>\n<\/div>\n\n\n<p>Por otra parte, el presidente de Corpoelec destac\u00f3 que en el estado Cojedes fue inaugurado un centro de asistencia primaria de salud.<\/p>\n\n\n\n<p>\u201cEste novedoso centro va contar con muchos servicios especializados, con el objetivo de favorecer la salud, crecimiento y el desarrollo integral del trabajador y su n\u00facleo familiar\u201d, concluy\u00f3.<\/p>\n\n\n\n<p><strong>Prensa Corpoelec<\/strong><\/p>\n","protected":false},"excerpt":{"rendered":"<p>Prensa Corpoelec \u2013 (Caracas 02\/08\/2023). \u2013&nbsp;Como parte de la&nbsp;Celebraci\u00f3n del XVI aniversario de la Corporaci\u00f3n El\u00e9ctrica Nacional (Corpoelec), este mi\u00e9rcoles<\/p>\n","protected":false},"author":22,"featured_media":89402,"comment_status":"closed","ping_status":"closed","sticky":false,"template":"","format":"standard","meta":{"footnotes":""},"categories":[15],"tags":[],"class_list":["post-89398","post","type-post","status-publish","format-standard","has-post-thumbnail","hentry","category-nacionales"],"_links":{"self":[{"href":"https:\/\/mppee.gob.ve\/index.php?rest_route=\/wp\/v2\/posts\/89398","targetHints":{"allow":["GET"]}}],"collection":[{"href":"https:\/\/mppee.gob.ve\/index.php?rest_route=\/wp\/v2\/posts"}],"about":[{"href":"https:\/\/mppee.gob.ve\/index.php?rest_route=\/wp\/v2\/types\/post"}],"author":[{"embeddable":true,"href":"https:\/\/mppee.gob.ve\/index.php?rest_route=\/wp\/v2\/users\/22"}],"replies":[{"embeddable":true,"href":"https:\/\/mppee.gob.ve\/index.php?rest_route=%2Fwp%2Fv2%2Fcomments&post=89398"}],"version-history":[{"count":2,"href":"https:\/\/mppee.gob.ve\/index.php?rest_route=\/wp\/v2\/posts\/89398\/revisions"}],"predecessor-version":[{"id":89415,"href":"https:\/\/mppee.gob.ve\/index.php?rest_route=\/wp\/v2\/posts\/89398\/revisions\/89415"}],"wp:featuredmedia":[{"embeddable":true,"href":"https:\/\/mppee.gob.ve\/index.php?rest_route=\/wp\/v2\/media\/89402"}],"wp:attachment":[{"href":"https:\/\/mppee.gob.ve\/index.php?rest_route=%2Fwp%2Fv2%2Fmedia&parent=89398"}],"wp:term":[{"taxonomy":"category","embeddable":true,"href":"https:\/\/mppee.gob.ve\/index.php?rest_route=%2Fwp%2Fv2%2Fcategories&post=89398"},{"taxonomy":"post_tag","embeddable":true,"href":"https:\/\/mppee.gob.ve\/index.php?rest_route=%2Fwp%2Fv2%2Ftags&post=89398"}],"curies":[{"name":"wp","href":"https:\/\/api.w.org\/{rel}","templated":true}]}}