{"id":89403,"date":"2023-08-03T19:36:53","date_gmt":"2023-08-03T19:36:53","guid":{"rendered":"http:\/\/mppee.gob.ve\/?p=89403"},"modified":"2023-08-03T19:36:54","modified_gmt":"2023-08-03T19:36:54","slug":"activaran-fuerza-de-tarea-en-el-sur-del-lago-de-maracaibo","status":"publish","type":"post","link":"https:\/\/mppee.gob.ve\/?p=89403","title":{"rendered":"Activar\u00e1n Fuerza de Tarea en el Sur del Lago de Maracaibo"},"content":{"rendered":"<p><img loading=\"lazy\" decoding=\"async\" class=\"alignleft wp-image-89408\" src=\"http:\/\/mppee.gob.ve\/wp-content\/uploads\/2023\/08\/Activaran-Fuerza-de-Tarea-en-el-Sur-del-Lago-de-Maracaibo-4.jpeg\" alt=\"\" width=\"300\" height=\"200\" \/>El pr\u00f3ximo 10 de agosto ser\u00e1 activada la Fuerza de Tarea en el Sur del Lago, estado Zulia, como parte de las acciones que adelanta la Comisi\u00f3n Presidencial para la Atenci\u00f3n de la Cuenca del Lago de Maracaibo.<\/p>\n<p>As\u00ed lo anunci\u00f3 el vicepresidente Sectorial de Obras P\u00fablicas y Servicios, G\/J N\u00e9stor Reverol, tras un encuentro con los 21 alcaldes de la entidad con quienes debati\u00f3 diferentes temas relacionados con los servicios p\u00fablicos, a fin de preparar un plan estrat\u00e9gico complementario para la resoluci\u00f3n de las necesidades del pueblo zuliano.<\/p>\n<p><strong>\u201cSeguimos trabajando con toda la protecci\u00f3n hidr\u00e1ulica de ese importante eje del estado Zulia, y en todas las \u00e1reas vinculadas con la recuperaci\u00f3n de la generaci\u00f3n termoel\u00e9ctrica\u201d,<\/strong> inform\u00f3.<\/p>\n<p><img loading=\"lazy\" decoding=\"async\" class=\"wp-image-89407 alignright\" src=\"http:\/\/mppee.gob.ve\/wp-content\/uploads\/2023\/08\/Activaran-Fuerza-de-Tarea-en-el-Sur-del-Lago-de-Maracaibo-3.jpeg\" alt=\"\" width=\"300\" height=\"200\" \/>Agreg\u00f3 que en materia de electricidad tambi\u00e9n est\u00e1n haciendo un desarrollo importante en el Sur del Lago, <strong>\u201cestamos construyendo 11.5 kil\u00f3metros de l\u00ednea de transmisi\u00f3n para solucionar el problema definitivamente del sistema el\u00e9ctrico de esta zona\u201d;<\/strong> as\u00ed como la instalaci\u00f3n de paneles solares para potenciar el servicio de energ\u00eda.<\/p>\n<p>Igualmente, con el tema del agua, el General en Jefe anunci\u00f3 que se realizar\u00e1 un diagn\u00f3stico y adecuaci\u00f3n de 27 plantas de aguas servidas en toda la regi\u00f3n, la activaci\u00f3n de un Plan Regional de Vialidad y la construcci\u00f3n del Parque Monumental Ana Mar\u00eda Campos.<\/p>\n<p><strong>\u201cPara nosotros es importante destacar todo ese plan de acci\u00f3n que se est\u00e1 desarrollando y otras tareas que vamos a emprender para el estado Zulia<\/strong>\u201d, se\u00f1al\u00f3 Reverol acompa\u00f1ado de algunos miembros de la Vicepresidencia de Servicios.<\/p>\n<p><strong>Prensa Vpsops<\/strong><\/p>\n","protected":false},"excerpt":{"rendered":"<p>El pr\u00f3ximo 10 de agosto ser\u00e1 activada la Fuerza de Tarea en el Sur del Lago, estado Zulia, como parte<\/p>\n","protected":false},"author":12,"featured_media":89409,"comment_status":"closed","ping_status":"closed","sticky":false,"template":"","format":"standard","meta":{"footnotes":""},"categories":[30],"tags":[11],"class_list":["post-89403","post","type-post","status-publish","format-standard","has-post-thumbnail","hentry","category-regionales","tag-mppee"],"_links":{"self":[{"href":"https:\/\/mppee.gob.ve\/index.php?rest_route=\/wp\/v2\/posts\/89403","targetHints":{"allow":["GET"]}}],"collection":[{"href":"https:\/\/mppee.gob.ve\/index.php?rest_route=\/wp\/v2\/posts"}],"about":[{"href":"https:\/\/mppee.gob.ve\/index.php?rest_route=\/wp\/v2\/types\/post"}],"author":[{"embeddable":true,"href":"https:\/\/mppee.gob.ve\/index.php?rest_route=\/wp\/v2\/users\/12"}],"replies":[{"embeddable":true,"href":"https:\/\/mppee.gob.ve\/index.php?rest_route=%2Fwp%2Fv2%2Fcomments&post=89403"}],"version-history":[{"count":1,"href":"https:\/\/mppee.gob.ve\/index.php?rest_route=\/wp\/v2\/posts\/89403\/revisions"}],"predecessor-version":[{"id":89410,"href":"https:\/\/mppee.gob.ve\/index.php?rest_route=\/wp\/v2\/posts\/89403\/revisions\/89410"}],"wp:featuredmedia":[{"embeddable":true,"href":"https:\/\/mppee.gob.ve\/index.php?rest_route=\/wp\/v2\/media\/89409"}],"wp:attachment":[{"href":"https:\/\/mppee.gob.ve\/index.php?rest_route=%2Fwp%2Fv2%2Fmedia&parent=89403"}],"wp:term":[{"taxonomy":"category","embeddable":true,"href":"https:\/\/mppee.gob.ve\/index.php?rest_route=%2Fwp%2Fv2%2Fcategories&post=89403"},{"taxonomy":"post_tag","embeddable":true,"href":"https:\/\/mppee.gob.ve\/index.php?rest_route=%2Fwp%2Fv2%2Ftags&post=89403"}],"curies":[{"name":"wp","href":"https:\/\/api.w.org\/{rel}","templated":true}]}}