{"id":89411,"date":"2023-08-03T23:27:57","date_gmt":"2023-08-03T23:27:57","guid":{"rendered":"http:\/\/mppee.gob.ve\/?p=89411"},"modified":"2023-08-03T23:27:58","modified_gmt":"2023-08-03T23:27:58","slug":"gobierno-bolivariano-impulsa-rescate-y-conservacion-del-lago-de-maracaibo-con-10-lineas-de-accion","status":"publish","type":"post","link":"https:\/\/mppee.gob.ve\/?p=89411","title":{"rendered":"Gobierno Bolivariano impulsa rescate y conservaci\u00f3n del Lago de Maracaibo con 10 l\u00edneas de acci\u00f3n"},"content":{"rendered":"\n<p><strong>Prensa VPSOPS \u2013 (Zulia, 03\/08\/2023).-&nbsp;<\/strong>El&nbsp;<strong>Gobierno Bolivariano<\/strong>&nbsp;liderado por el&nbsp;<strong>presidente de la Rep\u00fablica, Nicol\u00e1s Maduro,<\/strong>&nbsp;emprender\u00e1&nbsp;<strong>10 l\u00edneas de acci\u00f3n<\/strong>&nbsp;para el&nbsp;<strong>rescate y conservaci\u00f3n del Lago de Maracaibo, en el estado Zulia.<\/strong><\/p>\n\n\n\n<p>As\u00ed lo inform\u00f3 el&nbsp;<strong>vicepresidente Sectorial de Obras P\u00fablicas y Servicios, G\/J N\u00e9stor Reverol,<\/strong>&nbsp;desde la entidad donde se llev\u00f3 a cabo el&nbsp;<strong>1er. Encuentro T\u00e9cnico-Cient\u00edfico Popular para el Rescate, Conservaci\u00f3n y Desarrollo Sostenible del Lago de Maracaibo<\/strong>, que inici\u00f3 el mi\u00e9rcoles 2 de agosto.<\/p>\n\n\n<div class=\"wp-block-image\">\n<figure class=\"alignright\"><img decoding=\"async\" src=\"http:\/\/intranet.mppee.gob.ve\/wordpress\/wp-content\/uploads\/2023\/08\/WhatsApp-Image-2023-08-03-at-6.24.27-PM-4-300x200.jpeg\" alt=\"\" class=\"wp-image-16118\"\/><\/figure>\n<\/div>\n\n\n<p>Al respecto, destac\u00f3 que este encuentro cont\u00f3 con la participaci\u00f3n de m\u00e1s de 300 actores de los \u00e1mbitos&nbsp;<strong>t\u00e9cnico-cient\u00edfico<\/strong>, el Gobernador del Zulia, Manuel Rosales, representantes pol\u00edticos, movimientos sociales del Poder Popular y m\u00e1s de un tercio del&nbsp;<strong>Gabinete Ejecutivo<\/strong>.<\/p>\n\n\n\n<p>\u201cEn este&nbsp;<strong>encuentro de saberes t\u00e9cnico-cient\u00edfico<\/strong>&nbsp;popular hemos plasmado un documento final con un plan maestro con v\u00e9rtices esenciales,&nbsp;<strong>l\u00edneas estrat\u00e9gicas y acciones program\u00e1ticas<\/strong>&nbsp;que vamos a monitorear permanentemente para que se cumplan\u201d, asegur\u00f3 Reverol.<\/p>\n\n\n\n<p>En ese sentido, mencion\u00f3 algunas l\u00edneas de acciones a emprender:<\/p>\n\n\n\n<p>\u2013 El&nbsp;<strong>Instituto para el Control y la Conservaci\u00f3n de la Cuenca del Lago de Maracaibo (ICLAM)<\/strong>&nbsp;ser\u00e1 el Centro de Operaciones.<\/p>\n\n\n\n<p>\u2013 Adecuaci\u00f3n de los&nbsp;<strong>laboratorios del ICLAN, IVIC y LUZ<\/strong>.<\/p>\n\n\n\n<p>\u2013 Reorganizaci\u00f3n de los&nbsp;<strong>Consejos de Pescadores<\/strong>.<\/p>\n\n\n\n<p>-Plan de&nbsp;<strong>Fiscalizaci\u00f3n para las empresas p\u00fablicas y privadas<\/strong>&nbsp;con actividades cercanas al Lago.<\/p>\n\n\n\n<p>\u2013 Conformaci\u00f3n de un&nbsp;<strong>Comit\u00e9 Jur\u00eddico<\/strong>&nbsp;para crear nuevas leyes, decretos y ordenanzas.<\/p>\n\n\n\n<p>\u2013 Diagn\u00f3stico y adecuaci\u00f3n de 27&nbsp;<strong>plantas de aguas servidas<\/strong>, priorizando 11 de ellas.<\/p>\n\n\n\n<p>\u2013 Enlace de alto nivel con&nbsp;<strong>Petr\u00f3leos de Venezuela<\/strong>&nbsp;para la coordinaci\u00f3n de los proyectos a desarrollar.<\/p>\n\n\n\n<p>\u2013 Asesor\u00eda de un&nbsp;<strong>Comit\u00e9 T\u00e9cnico-Cient\u00edfico<\/strong>&nbsp;de car\u00e1cter permanente.<\/p>\n\n\n\n<p>\u2013 Campa\u00f1a educativa de concientizaci\u00f3n en todos los niveles educativos en la entidad.<\/p>\n\n\n\n<p>\u2013 Incorporaci\u00f3n de la&nbsp;<strong>Misi\u00f3n \u00c1rbol.<\/strong><\/p>\n\n\n\n<p>\u201cSon acciones que tenemos que tomar de manera urgente y necesaria, con mejoras continuas, recibiendo informaci\u00f3n de los que realmente conocen el tema\u201d, afirm\u00f3.<\/p>\n\n\n<div class=\"wp-block-image\">\n<figure class=\"alignright\"><img decoding=\"async\" src=\"http:\/\/intranet.mppee.gob.ve\/wordpress\/wp-content\/uploads\/2023\/08\/WhatsApp-Image-2023-08-03-at-6.24.26-PM-300x200.jpeg\" alt=\"\" class=\"wp-image-16119\"\/><\/figure>\n<\/div>\n\n\n<p>En ese contexto, el&nbsp;<strong>Vicepresidente Sectorial<\/strong>&nbsp;hizo un llamado a la poblaci\u00f3n y autoridades del pa\u00eds a desligar lo pol\u00edtico de esta situaci\u00f3n, \u201ccada uno de nosotros tenemos que ir juntos por la batalla ambiental del Lago de Maracaibo\u201d, sostuvo.<\/p>\n\n\n\n<p>\u201cEs nuestra tarea, es nuestro compromiso, es el momento no hay otro y el presidente Nicol\u00e1s Maduro nos ha ordenado hacer un despliegue en todas las \u00e1reas necesarias y articular en todos los niveles de gobierno, hagamos la tarea.&nbsp;<strong>\u00a1El Lago de Maracaibo es el Zulia!<\/strong>\u201d, concluy\u00f3 Reverol.<\/p>\n\n\n\n<p>Prensa VPSOPS<\/p>\n","protected":false},"excerpt":{"rendered":"<p>Prensa VPSOPS \u2013 (Zulia, 03\/08\/2023).-&nbsp;El&nbsp;Gobierno Bolivariano&nbsp;liderado por el&nbsp;presidente de la Rep\u00fablica, Nicol\u00e1s Maduro,&nbsp;emprender\u00e1&nbsp;10 l\u00edneas de acci\u00f3n&nbsp;para el&nbsp;rescate y conservaci\u00f3n del<\/p>\n","protected":false},"author":22,"featured_media":89412,"comment_status":"closed","ping_status":"closed","sticky":false,"template":"","format":"standard","meta":{"footnotes":""},"categories":[30],"tags":[],"class_list":["post-89411","post","type-post","status-publish","format-standard","has-post-thumbnail","hentry","category-regionales"],"_links":{"self":[{"href":"https:\/\/mppee.gob.ve\/index.php?rest_route=\/wp\/v2\/posts\/89411","targetHints":{"allow":["GET"]}}],"collection":[{"href":"https:\/\/mppee.gob.ve\/index.php?rest_route=\/wp\/v2\/posts"}],"about":[{"href":"https:\/\/mppee.gob.ve\/index.php?rest_route=\/wp\/v2\/types\/post"}],"author":[{"embeddable":true,"href":"https:\/\/mppee.gob.ve\/index.php?rest_route=\/wp\/v2\/users\/22"}],"replies":[{"embeddable":true,"href":"https:\/\/mppee.gob.ve\/index.php?rest_route=%2Fwp%2Fv2%2Fcomments&post=89411"}],"version-history":[{"count":1,"href":"https:\/\/mppee.gob.ve\/index.php?rest_route=\/wp\/v2\/posts\/89411\/revisions"}],"predecessor-version":[{"id":89413,"href":"https:\/\/mppee.gob.ve\/index.php?rest_route=\/wp\/v2\/posts\/89411\/revisions\/89413"}],"wp:featuredmedia":[{"embeddable":true,"href":"https:\/\/mppee.gob.ve\/index.php?rest_route=\/wp\/v2\/media\/89412"}],"wp:attachment":[{"href":"https:\/\/mppee.gob.ve\/index.php?rest_route=%2Fwp%2Fv2%2Fmedia&parent=89411"}],"wp:term":[{"taxonomy":"category","embeddable":true,"href":"https:\/\/mppee.gob.ve\/index.php?rest_route=%2Fwp%2Fv2%2Fcategories&post=89411"},{"taxonomy":"post_tag","embeddable":true,"href":"https:\/\/mppee.gob.ve\/index.php?rest_route=%2Fwp%2Fv2%2Ftags&post=89411"}],"curies":[{"name":"wp","href":"https:\/\/api.w.org\/{rel}","templated":true}]}}