{"id":89444,"date":"2023-08-07T20:22:35","date_gmt":"2023-08-07T20:22:35","guid":{"rendered":"http:\/\/mppee.gob.ve\/?p=89444"},"modified":"2023-08-07T20:22:35","modified_gmt":"2023-08-07T20:22:35","slug":"realizan-labores-de-adecuacion-de-la-linea-de-distribucion-del-circuito-el-placer-a5-en-la-bajada-de-tazon","status":"publish","type":"post","link":"https:\/\/mppee.gob.ve\/?p=89444","title":{"rendered":"Realizan labores de adecuaci\u00f3n de la l\u00ednea de distribuci\u00f3n del circuito El Placer A5 en la Bajada de Taz\u00f3n"},"content":{"rendered":"\n<p>Prensa MPPEE (07\/08\/2023).-&nbsp;<strong>La fuerza trabajadora de la Corporaci\u00f3n El\u00e9ctrica Nacional (Corpoelec)<\/strong>&nbsp;realiz\u00f3 recientemente&nbsp;<strong>labores de adecuaci\u00f3n de las l\u00edneas de distribuci\u00f3n de energ\u00eda del circuito El Placer A5<\/strong>, ubicado a la altura de la&nbsp;<strong>Urbanizaci\u00f3n Bosque Valle en la bajada de Taz\u00f3n de la Autopista Regional del Centro.<\/strong><\/p>\n\n\n<div class=\"wp-block-image\">\n<figure class=\"alignleft\"><img decoding=\"async\" src=\"http:\/\/intranet.mppee.gob.ve\/wordpress\/wp-content\/uploads\/2023\/08\/WhatsApp-Image-2023-08-07-at-2.07.25-PM-300x200.jpeg\" alt=\"\" class=\"wp-image-16140\"\/><\/figure>\n<\/div>\n\n\n<p>La informaci\u00f3n la dio a conocer el&nbsp;<strong>gerente nacional de Distribuci\u00f3n de Energ\u00eda El\u00e9ctrica, Maikel Condalez<\/strong>, quien destac\u00f3 que estas maniobras permitir\u00e1n brindar un suministro el\u00e9ctrico de mayor confiabilidad a los habitantes de los sectores El Placer de Baruta, Hoyo de la Puerta, CORE 5 y dem\u00e1s zonas aleda\u00f1as.<\/p>\n\n\n\n<p>\u201cCon estos trabajos vamos a garantizar que el servicio el\u00e9ctrico que presta este circuito tan importante sea m\u00e1s estable y los usuarios que est\u00e1n conectados a este circuito tengan una mejor&nbsp;<strong>garant\u00eda del servicio<\/strong>\u201d, sostuvo.<\/p>\n\n\n\n<p>Vale destacar que para estos&nbsp;<strong>trabajos de adecuaci\u00f3n<\/strong>&nbsp;de manera conjunta laboran m\u00e1s de 50 trabajadores de Corpoelec La Yaguara, Santa Rosa, Chacao y Valles del Tuy.<\/p>\n\n\n<div class=\"wp-block-image\">\n<figure class=\"alignright\"><img decoding=\"async\" src=\"http:\/\/intranet.mppee.gob.ve\/wordpress\/wp-content\/uploads\/2023\/08\/WhatsApp-Image-2023-08-07-at-2.07.26-PM-300x200.jpeg\" alt=\"\" class=\"wp-image-16141\"\/><\/figure>\n<\/div>\n\n\n<p>\u201cSeguimos trabajando para mejorar el servicio en cada rinc\u00f3n del territorio nacional\u201d, finaliz\u00f3.<\/p>\n\n\n\n<p>Prensa MPPEE<\/p>\n\n\n\n<p><\/p>\n","protected":false},"excerpt":{"rendered":"<p>Prensa MPPEE (07\/08\/2023).-&nbsp;La fuerza trabajadora de la Corporaci\u00f3n El\u00e9ctrica Nacional (Corpoelec)&nbsp;realiz\u00f3 recientemente&nbsp;labores de adecuaci\u00f3n de las l\u00edneas de distribuci\u00f3n de<\/p>\n","protected":false},"author":22,"featured_media":89445,"comment_status":"closed","ping_status":"closed","sticky":false,"template":"","format":"standard","meta":{"footnotes":""},"categories":[30],"tags":[],"class_list":["post-89444","post","type-post","status-publish","format-standard","has-post-thumbnail","hentry","category-regionales"],"_links":{"self":[{"href":"https:\/\/mppee.gob.ve\/index.php?rest_route=\/wp\/v2\/posts\/89444","targetHints":{"allow":["GET"]}}],"collection":[{"href":"https:\/\/mppee.gob.ve\/index.php?rest_route=\/wp\/v2\/posts"}],"about":[{"href":"https:\/\/mppee.gob.ve\/index.php?rest_route=\/wp\/v2\/types\/post"}],"author":[{"embeddable":true,"href":"https:\/\/mppee.gob.ve\/index.php?rest_route=\/wp\/v2\/users\/22"}],"replies":[{"embeddable":true,"href":"https:\/\/mppee.gob.ve\/index.php?rest_route=%2Fwp%2Fv2%2Fcomments&post=89444"}],"version-history":[{"count":1,"href":"https:\/\/mppee.gob.ve\/index.php?rest_route=\/wp\/v2\/posts\/89444\/revisions"}],"predecessor-version":[{"id":89446,"href":"https:\/\/mppee.gob.ve\/index.php?rest_route=\/wp\/v2\/posts\/89444\/revisions\/89446"}],"wp:featuredmedia":[{"embeddable":true,"href":"https:\/\/mppee.gob.ve\/index.php?rest_route=\/wp\/v2\/media\/89445"}],"wp:attachment":[{"href":"https:\/\/mppee.gob.ve\/index.php?rest_route=%2Fwp%2Fv2%2Fmedia&parent=89444"}],"wp:term":[{"taxonomy":"category","embeddable":true,"href":"https:\/\/mppee.gob.ve\/index.php?rest_route=%2Fwp%2Fv2%2Fcategories&post=89444"},{"taxonomy":"post_tag","embeddable":true,"href":"https:\/\/mppee.gob.ve\/index.php?rest_route=%2Fwp%2Fv2%2Ftags&post=89444"}],"curies":[{"name":"wp","href":"https:\/\/api.w.org\/{rel}","templated":true}]}}