{"id":89516,"date":"2023-08-16T21:26:56","date_gmt":"2023-08-16T21:26:56","guid":{"rendered":"http:\/\/mppee.gob.ve\/?p=89516"},"modified":"2023-08-16T21:26:56","modified_gmt":"2023-08-16T21:26:56","slug":"activan-centro-de-servicios-de-restricciones-operativas-de-la-region-capital","status":"publish","type":"post","link":"https:\/\/mppee.gob.ve\/?p=89516","title":{"rendered":"Activan Centro de Servicios de Restricciones Operativas de la Regi\u00f3n Capital"},"content":{"rendered":"<p style=\"text-align: justify;\"><img loading=\"lazy\" decoding=\"async\" class=\"wp-image-89537 alignleft\" src=\"http:\/\/mppee.gob.ve\/wp-content\/uploads\/2023\/08\/Activan-Centro-de-Servicios-de-Restricciones-Operativas-de-la-Region-Capital-1.jpeg\" alt=\"\" width=\"300\" height=\"200\" \/>Este mi\u00e9rcoles fue activado el Centro de Servicios de Restricciones Operativas en la Regi\u00f3n Capital, perteneciente a la Corporaci\u00f3n El\u00e9ctrica Nacional (Corpoelec), para atender las situaciones sobrevenidas en el suministro de energ\u00eda el\u00e9ctrica y responder de forma m\u00e1s expedita a los usuarios.<\/p>\n<p>El vicepresidente Sectorial de Obras P\u00fabicas y Servicios, G\/J N\u00e9stor Reverol, acompa\u00f1ado del presidente de la Corporaci\u00f3n El\u00e9ctrica Nacional (Corpoelec), Jos\u00e9 Luis Betancourt, explic\u00f3 que esta instalaci\u00f3n cuenta con 16 unidades especializadas y una fuerza trabajadora de 60 hombres y mujeres, quienes cumplir\u00e1n con las labores de reparaci\u00f3n de aver\u00edas el\u00e9ctricas de las l\u00edneas de distribuci\u00f3n.<\/p>\n<p><b><img loading=\"lazy\" decoding=\"async\" class=\"wp-image-89536 alignright\" src=\"http:\/\/mppee.gob.ve\/wp-content\/uploads\/2023\/08\/Activan-Centro-de-Servicios-de-Restricciones-Operativas-de-la-Region-Capital-21.jpeg\" alt=\"\" width=\"300\" height=\"200\" \/>\u201cEn la conformaci\u00f3n de esta unidad se incorporan equipos de \u00faltima tecnolog\u00eda, como el Megger STX40-2000 que realiza diagn\u00f3stico y evaluaci\u00f3n de fallas subterr\u00e1neas y a\u00e9reas reduciendo el tiempo de atenci\u00f3n\u201d<\/b>, a\u00f1adi\u00f3 Reverol, desde este Centro de Servicio ubicado en La Castellana, municipio Chacao, estado Miranda.<\/p>\n<p>Asimismo, el tambi\u00e9n ministro del Poder Popular para la Energ\u00eda El\u00e9ctrica mencion\u00f3 que tienen previsto adquirir seis equipos para incluirlos en los otros centros de servicios en la capital. <img loading=\"lazy\" decoding=\"async\" class=\"wp-image-89535 alignleft\" src=\"http:\/\/mppee.gob.ve\/wp-content\/uploads\/2023\/08\/Activan-Centro-de-Servicios-de-Restricciones-Operativas-de-la-Region-Capital-20.jpeg\" alt=\"\" width=\"300\" height=\"199\" \/><\/p>\n<p>Agreg\u00f3 que el Centro de Servicios de Restricciones Operativas dispone, adem\u00e1s, de espacios para el personal operativo de guardia, ya que su <b>\u201coperatividad ser\u00e1 de manera permanente las 24 horas del d\u00eda\u201d,<\/b> concluy\u00f3 Reverol.<\/p>\n<p><b>Prensa Mppee\u00a0<\/b><\/p>\n","protected":false},"excerpt":{"rendered":"<p>Este mi\u00e9rcoles fue activado el Centro de Servicios de Restricciones Operativas en la Regi\u00f3n Capital, perteneciente a la Corporaci\u00f3n El\u00e9ctrica<\/p>\n","protected":false},"author":12,"featured_media":89524,"comment_status":"closed","ping_status":"closed","sticky":false,"template":"","format":"standard","meta":{"footnotes":""},"categories":[1],"tags":[111,11],"class_list":["post-89516","post","type-post","status-publish","format-standard","has-post-thumbnail","hentry","category-mppee","tag-caracas","tag-mppee"],"_links":{"self":[{"href":"https:\/\/mppee.gob.ve\/index.php?rest_route=\/wp\/v2\/posts\/89516","targetHints":{"allow":["GET"]}}],"collection":[{"href":"https:\/\/mppee.gob.ve\/index.php?rest_route=\/wp\/v2\/posts"}],"about":[{"href":"https:\/\/mppee.gob.ve\/index.php?rest_route=\/wp\/v2\/types\/post"}],"author":[{"embeddable":true,"href":"https:\/\/mppee.gob.ve\/index.php?rest_route=\/wp\/v2\/users\/12"}],"replies":[{"embeddable":true,"href":"https:\/\/mppee.gob.ve\/index.php?rest_route=%2Fwp%2Fv2%2Fcomments&post=89516"}],"version-history":[{"count":1,"href":"https:\/\/mppee.gob.ve\/index.php?rest_route=\/wp\/v2\/posts\/89516\/revisions"}],"predecessor-version":[{"id":89538,"href":"https:\/\/mppee.gob.ve\/index.php?rest_route=\/wp\/v2\/posts\/89516\/revisions\/89538"}],"wp:featuredmedia":[{"embeddable":true,"href":"https:\/\/mppee.gob.ve\/index.php?rest_route=\/wp\/v2\/media\/89524"}],"wp:attachment":[{"href":"https:\/\/mppee.gob.ve\/index.php?rest_route=%2Fwp%2Fv2%2Fmedia&parent=89516"}],"wp:term":[{"taxonomy":"category","embeddable":true,"href":"https:\/\/mppee.gob.ve\/index.php?rest_route=%2Fwp%2Fv2%2Fcategories&post=89516"},{"taxonomy":"post_tag","embeddable":true,"href":"https:\/\/mppee.gob.ve\/index.php?rest_route=%2Fwp%2Fv2%2Ftags&post=89516"}],"curies":[{"name":"wp","href":"https:\/\/api.w.org\/{rel}","templated":true}]}}