{"id":89556,"date":"2023-08-17T21:24:45","date_gmt":"2023-08-17T21:24:45","guid":{"rendered":"http:\/\/mppee.gob.ve\/?p=89556"},"modified":"2023-08-17T21:24:47","modified_gmt":"2023-08-17T21:24:47","slug":"supervisan-trabajos-de-rehabilitacion-en-la-planta-de-tratamiento-de-aguas-servidas-maracaibo-sur","status":"publish","type":"post","link":"https:\/\/mppee.gob.ve\/?p=89556","title":{"rendered":"Supervisan trabajos de rehabilitaci\u00f3n en la Planta de Tratamiento de Aguas Servidas Maracaibo Sur"},"content":{"rendered":"<p style=\"text-align: justify;\"><img loading=\"lazy\" decoding=\"async\" class=\"wp-image-89569 alignleft\" src=\"http:\/\/mppee.gob.ve\/wp-content\/uploads\/2023\/08\/Supervisan-trabajos-de-rehabilitacion-en-la-Planta-de-Tratamiento-de-Aguas-Servidas-Maracaibo-Sur-3.jpeg\" alt=\"\" width=\"300\" height=\"189\" \/>La Comisi\u00f3n Presidencial para el Rescate, Conservaci\u00f3n y Desarrollo Sostenible del Lago de Maracaibo, supervis\u00f3 este jueves los trabajos de rehabilitaci\u00f3n que llevan a cabo en la Planta de Tratamiento de Aguas Servidas, Maracaibo Sur, ubicada en la parroquia zuliana, Domitila Flores.<\/p>\n<p style=\"text-align: justify;\">As\u00ed lo inform\u00f3 el vicepresidente Sectorial de Obras P\u00fablicas y Servicios, G\/J N\u00e9stor Reverol, quien estaba acompa\u00f1ado del ministro del Poder Popular para la Atenci\u00f3n de las Aguas, Rodolfo Marco Torres.<\/p>\n<p style=\"text-align: justify;\"><strong><img loading=\"lazy\" decoding=\"async\" class=\"wp-image-89568 alignright\" src=\"http:\/\/mppee.gob.ve\/wp-content\/uploads\/2023\/08\/Supervisan-trabajos-de-rehabilitacion-en-la-Planta-de-Tratamiento-de-Aguas-Servidas-Maracaibo-Sur-4.jpeg\" alt=\"\" width=\"300\" height=\"200\" \/>\u201cEstamos trabajando en la rehabilitaci\u00f3n de esta planta para seguir con el Plan Maestro y Estrat\u00e9gico para el Rescate, Conservaci\u00f3n y Desarrollo Sostenible del Lago de Maracaibo\u201d<\/strong>, indic\u00f3 Reverol.<\/p>\n<p style=\"text-align: justify;\">Agreg\u00f3 que el proyecto contempla la recuperaci\u00f3n de otras tres plantas de procesamiento de aguas servidas: Cabimas, Ciudad Ojeda y el Ras, con una capacidad de procesar 6 mil litros por segundo.<\/p>\n<p style=\"text-align: justify;\"><strong>\u201cEstas acciones est\u00e1n siendo articulados con los alcaldes, el Poder Popular y las Mesas T\u00e9cnicas de Agua\u201d<\/strong>, dijo el General en Jefe.<\/p>\n<p style=\"text-align: justify;\"><strong>Prensa Vpsops<\/strong><\/p>\n<p><img loading=\"lazy\" decoding=\"async\" class=\"alignnone size-full wp-image-89566\" src=\"http:\/\/mppee.gob.ve\/wp-content\/uploads\/2023\/08\/Supervisan-trabajos-de-rehabilitacion-en-la-Planta-de-Tratamiento-de-Aguas-Servidas-Maracaibo-Sur-6.jpeg\" alt=\"\" width=\"1280\" height=\"853\" \/> <img loading=\"lazy\" decoding=\"async\" class=\"alignnone size-full wp-image-89564\" src=\"http:\/\/mppee.gob.ve\/wp-content\/uploads\/2023\/08\/Supervisan-trabajos-de-rehabilitacion-en-la-Planta-de-Tratamiento-de-Aguas-Servidas-Maracaibo-Sur-8.jpeg\" alt=\"\" width=\"1280\" height=\"853\" \/> <img loading=\"lazy\" decoding=\"async\" class=\"alignnone size-full wp-image-89565\" src=\"http:\/\/mppee.gob.ve\/wp-content\/uploads\/2023\/08\/Supervisan-trabajos-de-rehabilitacion-en-la-Planta-de-Tratamiento-de-Aguas-Servidas-Maracaibo-Sur-7.jpeg\" alt=\"\" width=\"1280\" height=\"853\" \/> <img loading=\"lazy\" decoding=\"async\" class=\"alignnone size-full wp-image-89563\" src=\"http:\/\/mppee.gob.ve\/wp-content\/uploads\/2023\/08\/Supervisan-trabajos-de-rehabilitacion-en-la-Planta-de-Tratamiento-de-Aguas-Servidas-Maracaibo-Sur-9.jpeg\" alt=\"\" width=\"1280\" height=\"853\" \/><\/p>\n","protected":false},"excerpt":{"rendered":"<p>La Comisi\u00f3n Presidencial para el Rescate, Conservaci\u00f3n y Desarrollo Sostenible del Lago de Maracaibo, supervis\u00f3 este jueves los trabajos de<\/p>\n","protected":false},"author":12,"featured_media":89570,"comment_status":"closed","ping_status":"closed","sticky":false,"template":"","format":"standard","meta":{"footnotes":""},"categories":[30],"tags":[],"class_list":["post-89556","post","type-post","status-publish","format-standard","has-post-thumbnail","hentry","category-regionales"],"_links":{"self":[{"href":"https:\/\/mppee.gob.ve\/index.php?rest_route=\/wp\/v2\/posts\/89556","targetHints":{"allow":["GET"]}}],"collection":[{"href":"https:\/\/mppee.gob.ve\/index.php?rest_route=\/wp\/v2\/posts"}],"about":[{"href":"https:\/\/mppee.gob.ve\/index.php?rest_route=\/wp\/v2\/types\/post"}],"author":[{"embeddable":true,"href":"https:\/\/mppee.gob.ve\/index.php?rest_route=\/wp\/v2\/users\/12"}],"replies":[{"embeddable":true,"href":"https:\/\/mppee.gob.ve\/index.php?rest_route=%2Fwp%2Fv2%2Fcomments&post=89556"}],"version-history":[{"count":1,"href":"https:\/\/mppee.gob.ve\/index.php?rest_route=\/wp\/v2\/posts\/89556\/revisions"}],"predecessor-version":[{"id":89571,"href":"https:\/\/mppee.gob.ve\/index.php?rest_route=\/wp\/v2\/posts\/89556\/revisions\/89571"}],"wp:featuredmedia":[{"embeddable":true,"href":"https:\/\/mppee.gob.ve\/index.php?rest_route=\/wp\/v2\/media\/89570"}],"wp:attachment":[{"href":"https:\/\/mppee.gob.ve\/index.php?rest_route=%2Fwp%2Fv2%2Fmedia&parent=89556"}],"wp:term":[{"taxonomy":"category","embeddable":true,"href":"https:\/\/mppee.gob.ve\/index.php?rest_route=%2Fwp%2Fv2%2Fcategories&post=89556"},{"taxonomy":"post_tag","embeddable":true,"href":"https:\/\/mppee.gob.ve\/index.php?rest_route=%2Fwp%2Fv2%2Ftags&post=89556"}],"curies":[{"name":"wp","href":"https:\/\/api.w.org\/{rel}","templated":true}]}}