{"id":89584,"date":"2023-08-22T15:28:19","date_gmt":"2023-08-22T15:28:19","guid":{"rendered":"http:\/\/mppee.gob.ve\/?p=89584"},"modified":"2023-08-22T15:41:02","modified_gmt":"2023-08-22T15:41:02","slug":"mppee-se-suma-a-la-ruta-tecnologica-para-ensenar-a-los-ninos-y-ninas-sobre-la-eficiencia-energetica","status":"publish","type":"post","link":"https:\/\/mppee.gob.ve\/?p=89584","title":{"rendered":"Mppee se suma a la Ruta Tecnol\u00f3gica para ense\u00f1ar a los ni\u00f1os y ni\u00f1as sobre la eficiencia energ\u00e9tica"},"content":{"rendered":"<p style=\"text-align: justify;\">Con el objetivo de llevar un mensaje sobre el uso eficiente de la energ\u00eda a los m\u00e1s peque\u00f1os de la casa, el Ministerio del Poder Popular para la Energ\u00eda El\u00e9ctrica, particip\u00f3 en la Ruta Tecnol\u00f3gica, contando con tres m\u00f3dulos de aprendizaje: &nbsp;Aula de Sistemas de Energ\u00edas Renovables (Aula SER), Electrob\u00fas y Electro Cuenta Cuento.<\/p>\n<p>A esta actividad organizada el Ministerio del Poder Popular para la Ciencia y Tecnolog\u00eda, junto con las Mesas T\u00e9cnicas de Telecomunicaciones, se sum\u00f3 el Viceministerio para Nuevas Fuentes y Uso Racional de la Energ\u00eda, con las direcciones generales de la Uree y Energ\u00edas Alternativas, y el personal de la Gerencia General de Fuentes Alternas y Uso Racional de la Energ\u00eda El\u00e9ctrica (Fauree), que de manera innovadora y did\u00e1ctica atendieron a infantes de edades comprendidas entre 10 y 14 a\u00f1os de edad.<\/p>\n<p>La viceministra para las Nuevas Fuentes y Uso Racional de la Energ\u00eda El\u00e9ctrica, Tania Masea, indic\u00f3 la importancia de educar en el uso racional y eficiente de la energ\u00eda, al recibir a la Ruta Tecnol\u00f3gica con ni\u00f1as y ni\u00f1os del eje 8 y 9 de Los Magallanes de Catia, a quienes les mostramos lo que estamos haciendo en materia de energ\u00edas alternativas, como es impulsar el uso y consumo de las energ\u00edas e\u00f3licas y solar.<\/p>\n<p>Asimismo, inform\u00f3 Masea que esta actividad se est\u00e1 promocionando para los planes vacacionales en las escuelas sobre estas nuevas tecnolog\u00edas, para que conozcan los tres m\u00f3dulos de aprendizaje: &nbsp;Aula de Sistemas de Energ\u00edas Renovables (Aula SER), Electrob\u00fas y Electro Cuenta Cuento.<\/p>\n<p><b><i>Adquiriendo conocimientos<\/i><\/b><\/p>\n<p>Belkis Rodr\u00edguez, quien forma parte de las Mesas T\u00e9cnicas de Telecomunicaciones de Los Magallanes de Catia, dijo, <b>\u201caqu\u00ed nos encontramos para que los ni\u00f1os tengan informaci\u00f3n de la energ\u00eda el\u00e9ctrica, gracias a ustedes por habernos recibido y darle las instrucciones a los ni\u00f1os que vienen en este primer d\u00eda de aprendizaje\u201d<\/b><\/p>\n<p>Por su parte, la ni\u00f1a Paola L\u00f3pez, indic\u00f3, \u201cme pareci\u00f3 muy bien, ya que nos ense\u00f1an &nbsp;a ser responsables con el uso de &nbsp;la electricidad; mientras que el infante Luis Morelos, dijo, <b>\u201cme parece muy interesante la funci\u00f3n de la energ\u00eda y c\u00f3mo crear conciencia tambi\u00e9n en nuestros familiares\u201d.<\/b><\/p>\n<p><b><br \/>\n<\/b><b>Prensa Mppee&nbsp;<\/b><\/p>\n","protected":false},"excerpt":{"rendered":"<p>Con el objetivo de llevar un mensaje sobre el uso eficiente de la energ\u00eda a los m\u00e1s peque\u00f1os de la<\/p>\n","protected":false},"author":12,"featured_media":89590,"comment_status":"closed","ping_status":"closed","sticky":false,"template":"","format":"standard","meta":{"footnotes":""},"categories":[30],"tags":[11],"class_list":["post-89584","post","type-post","status-publish","format-standard","has-post-thumbnail","hentry","category-regionales","tag-mppee"],"_links":{"self":[{"href":"https:\/\/mppee.gob.ve\/index.php?rest_route=\/wp\/v2\/posts\/89584","targetHints":{"allow":["GET"]}}],"collection":[{"href":"https:\/\/mppee.gob.ve\/index.php?rest_route=\/wp\/v2\/posts"}],"about":[{"href":"https:\/\/mppee.gob.ve\/index.php?rest_route=\/wp\/v2\/types\/post"}],"author":[{"embeddable":true,"href":"https:\/\/mppee.gob.ve\/index.php?rest_route=\/wp\/v2\/users\/12"}],"replies":[{"embeddable":true,"href":"https:\/\/mppee.gob.ve\/index.php?rest_route=%2Fwp%2Fv2%2Fcomments&post=89584"}],"version-history":[{"count":2,"href":"https:\/\/mppee.gob.ve\/index.php?rest_route=\/wp\/v2\/posts\/89584\/revisions"}],"predecessor-version":[{"id":89591,"href":"https:\/\/mppee.gob.ve\/index.php?rest_route=\/wp\/v2\/posts\/89584\/revisions\/89591"}],"wp:featuredmedia":[{"embeddable":true,"href":"https:\/\/mppee.gob.ve\/index.php?rest_route=\/wp\/v2\/media\/89590"}],"wp:attachment":[{"href":"https:\/\/mppee.gob.ve\/index.php?rest_route=%2Fwp%2Fv2%2Fmedia&parent=89584"}],"wp:term":[{"taxonomy":"category","embeddable":true,"href":"https:\/\/mppee.gob.ve\/index.php?rest_route=%2Fwp%2Fv2%2Fcategories&post=89584"},{"taxonomy":"post_tag","embeddable":true,"href":"https:\/\/mppee.gob.ve\/index.php?rest_route=%2Fwp%2Fv2%2Ftags&post=89584"}],"curies":[{"name":"wp","href":"https:\/\/api.w.org\/{rel}","templated":true}]}}