{"id":89630,"date":"2023-08-25T21:28:25","date_gmt":"2023-08-25T21:28:25","guid":{"rendered":"http:\/\/mppee.gob.ve\/?p=89630"},"modified":"2023-08-25T21:28:25","modified_gmt":"2023-08-25T21:28:25","slug":"inauguran-centro-de-comida-empacadas-en-beneficio-de-los-trabajadores-del-sen","status":"publish","type":"post","link":"https:\/\/mppee.gob.ve\/?p=89630","title":{"rendered":"Inauguran Centro de Comida Empacadas en beneficio de los trabajadores del SEN"},"content":{"rendered":"\n<p><strong>Prensa Mppee (Caracas, 25\/08\/2023).-<\/strong>&nbsp;Este viernes, fue inaugurado el&nbsp;<strong>Centro de Comidas Empacadas de la Fundaci\u00f3n Servicio de Alimentaci\u00f3n<\/strong>&nbsp;para los&nbsp;<strong>Trabajadores del Sistema El\u00e9ctrico Nacional (Funsasen)<\/strong>, con capacidad de distribuir 3 mil comidas diarias.<\/p>\n\n\n\n<p>As\u00ed lo inform\u00f3 el&nbsp;<strong>vicepresidente Sectorial de Obras P\u00fablicas y Servicios, G\/J N\u00e9stor Reverol<\/strong>, quien estaba acompa\u00f1ado del&nbsp;<strong>presidente de la Fundaci\u00f3n, el G\/D Carlos Mart\u00ednez<\/strong>&nbsp;y la viceministra para la Articulaci\u00f3n y Participaci\u00f3n Social en el Servicio El\u00e9ctrico, Nuris Perozo.<\/p>\n\n\n<div class=\"wp-block-image\">\n<figure class=\"alignleft\"><img decoding=\"async\" src=\"http:\/\/intranet.mppee.gob.ve\/wordpress\/wp-content\/uploads\/2023\/08\/Inauguran-Centro-de-Comida-Empacadas-en-beneficio-de-los-trabajadores-del-SEN-1-300x200.jpeg\" alt=\"\" class=\"wp-image-16395\"\/><\/figure>\n<\/div>\n\n\n<p>\u201cEste centro tiene la capacidad de distribuir 3 mil comidas diarias para todos los trabajadores del sector el\u00e9ctrico de la Regi\u00f3n Capital, contando con la participaci\u00f3n de 24 personas al frente de este centro\u201d, indic\u00f3 Reverol, desde el&nbsp;<strong>Centro de Servicio Corpoelec \u201cChacao\u201d<\/strong>, en el estado Miranda.<\/p>\n\n\n\n<p>Para cumplir con ese objetivo este espacio est\u00e1 integrado por las \u00e1reas de recepci\u00f3n, entrega, despacho y distribuci\u00f3n. Se suma una dotaci\u00f3n de trimotos de carga para el traslado de los alimentos.<\/p>\n\n\n\n<p>Asimismo, cuenta con un&nbsp;<strong>Laboratorio de Control de Calidad de Procesos Alimentarios<\/strong>, que estar\u00e1 dirigido por un ingeniero qu\u00edmico.<\/p>\n\n\n\n<p>Al respecto, la Gerente General de Producci\u00f3n de Funsasen, Willeska Asten, explic\u00f3 que dicho laboratorio garantiza que los productos (fruta, cereales y carnes) que llegan a los Centros de Alimentaci\u00f3n Nutricional, sean de la mayor calidad.<\/p>\n\n\n\n<p>Agreg\u00f3 que tambi\u00e9n se encargan de elaborar todos los men\u00fas y recetarios alimenticios para los comedores.<\/p>\n\n\n\n<h2 class=\"wp-block-heading\"><strong>Entrega de insumos<\/strong><\/h2>\n\n\n\n<p>Durante la actividad, el tambi\u00e9n ministro del Poder Popular para la Energ\u00eda El\u00e9ctrica (Mppee) entreg\u00f3 m\u00e1s de 11 mil 100 insumos de cocina a los jefes de los 43 comedores y 29 panader\u00edas que hay en el pa\u00eds.<\/p>\n\n\n<div class=\"wp-block-image\">\n<figure class=\"alignright\"><img decoding=\"async\" src=\"http:\/\/intranet.mppee.gob.ve\/wordpress\/wp-content\/uploads\/2023\/08\/WhatsApp-Image-2023-08-25-at-3.24.34-PM-300x200.jpeg\" alt=\"\" class=\"wp-image-16397\"\/><\/figure>\n<\/div>\n\n\n<p>\u201cActualmente, a 18 mil 800 trabajadores del&nbsp;<strong>Sistema El\u00e9ctrico Nacional<\/strong>&nbsp;se les garantiza la alimentaci\u00f3n en estos comedores diariamente, respondiendo a la l\u00ednea estrat\u00e9gica n\u00famero 1 del sector el\u00e9ctrico, referida al bienestar social y protecci\u00f3n de nuestra fuerza trabajadora\u201d, concluy\u00f3 Reverol.<\/p>\n\n\n\n<p>Prensa Mppee-Aliarly Carrillo<\/p>\n\n\n\n<p><\/p>\n","protected":false},"excerpt":{"rendered":"<p>Prensa Mppee (Caracas, 25\/08\/2023).-&nbsp;Este viernes, fue inaugurado el&nbsp;Centro de Comidas Empacadas de la Fundaci\u00f3n Servicio de Alimentaci\u00f3n&nbsp;para los&nbsp;Trabajadores del Sistema<\/p>\n","protected":false},"author":22,"featured_media":89631,"comment_status":"closed","ping_status":"closed","sticky":false,"template":"","format":"standard","meta":{"footnotes":""},"categories":[15],"tags":[],"class_list":["post-89630","post","type-post","status-publish","format-standard","has-post-thumbnail","hentry","category-nacionales"],"_links":{"self":[{"href":"https:\/\/mppee.gob.ve\/index.php?rest_route=\/wp\/v2\/posts\/89630","targetHints":{"allow":["GET"]}}],"collection":[{"href":"https:\/\/mppee.gob.ve\/index.php?rest_route=\/wp\/v2\/posts"}],"about":[{"href":"https:\/\/mppee.gob.ve\/index.php?rest_route=\/wp\/v2\/types\/post"}],"author":[{"embeddable":true,"href":"https:\/\/mppee.gob.ve\/index.php?rest_route=\/wp\/v2\/users\/22"}],"replies":[{"embeddable":true,"href":"https:\/\/mppee.gob.ve\/index.php?rest_route=%2Fwp%2Fv2%2Fcomments&post=89630"}],"version-history":[{"count":1,"href":"https:\/\/mppee.gob.ve\/index.php?rest_route=\/wp\/v2\/posts\/89630\/revisions"}],"predecessor-version":[{"id":89632,"href":"https:\/\/mppee.gob.ve\/index.php?rest_route=\/wp\/v2\/posts\/89630\/revisions\/89632"}],"wp:featuredmedia":[{"embeddable":true,"href":"https:\/\/mppee.gob.ve\/index.php?rest_route=\/wp\/v2\/media\/89631"}],"wp:attachment":[{"href":"https:\/\/mppee.gob.ve\/index.php?rest_route=%2Fwp%2Fv2%2Fmedia&parent=89630"}],"wp:term":[{"taxonomy":"category","embeddable":true,"href":"https:\/\/mppee.gob.ve\/index.php?rest_route=%2Fwp%2Fv2%2Fcategories&post=89630"},{"taxonomy":"post_tag","embeddable":true,"href":"https:\/\/mppee.gob.ve\/index.php?rest_route=%2Fwp%2Fv2%2Ftags&post=89630"}],"curies":[{"name":"wp","href":"https:\/\/api.w.org\/{rel}","templated":true}]}}